{"id":66444,"date":"2022-03-31T15:54:12","date_gmt":"2022-03-31T15:54:12","guid":{"rendered":"http:\/\/goiasemtempo.com.br\/home\/?p=66444"},"modified":"2022-03-31T15:54:12","modified_gmt":"2022-03-31T15:54:12","slug":"inauguracao-de-cmei-em-goiania-termina-com-prisao-de-professores-e-confusao-envolvendo-prefeito","status":"publish","type":"post","link":"https:\/\/goiasemtempo.com.br\/home\/inauguracao-de-cmei-em-goiania-termina-com-prisao-de-professores-e-confusao-envolvendo-prefeito\/","title":{"rendered":"Inaugura\u00e7\u00e3o de Cmei em Goi\u00e2nia termina com pris\u00e3o de professores e confus\u00e3o envolvendo prefeito"},"content":{"rendered":"<p>Dois professores foram detidos, na manh\u00e3 desta quinta-feira (31), durante inaugura\u00e7\u00e3o do Centro Municipal de Educa\u00e7\u00e3o Infantil (Cmei) Vila Arei\u00e3o, em Goi\u00e2nia. Eles faziam parte de um grupo que se manifestava em frente ao evento cobrando condi\u00e7\u00f5es para o fim da greve dos servidores, que j\u00e1 dura 17 dias.<\/p>\n<p>Renato Regis e Hugo Rincon foram presos por guardas civis metropolitanos e encaminhados \u00e0 Central de Flagrantes. O presidente do Sindicato dos Servidores Municipais da Educa\u00e7\u00e3o (Simsed), Ant\u00f4nio Gon\u00e7alves, alega que outros professores ficaram feridos durante a confus\u00e3o, que se instalou na sa\u00edda do prefeito Rog\u00e9rio Cruz da inaugura\u00e7\u00e3o.<\/p>\n<p>Segundo a assessoria da Prefeitura de Goi\u00e2nia, Rog\u00e9rio Cruz teria sido agredido por duas pessoas. O texto n\u00e3o identifica esses suspeitos e afirma \u201cesperar n\u00e3o se tratar de professores, cuja miss\u00e3o \u00e9 atuar na transforma\u00e7\u00e3o da sociedade pela educa\u00e7\u00e3o, pelo exemplo, e pela defesa de uma sociedade consubstanciada na cultura da paz.\u201d<\/p>\n<p>Ainda de acordo com a nota, \u201cRog\u00e9rio Cruz parou para conversar com uma professora, quando foi atacado por dois agressores, que atentaram contra a sua integridade f\u00edsica.\u201d V\u00eddeos que circulam nas redes sociais mostram o momento em que o carro do prefeito \u00e9 cercado pelos manifestantes. Um deles joga \u00e1gua no ve\u00edculo e uma segunda pessoa chega a subir no cap\u00f4 e andar sobre ele.<\/p>\n<p>O prefeito tamb\u00e9m se manifestou em seu perfil no Twitter, dizendo lamentar \u201cprofundamente as cenas de desrespeito e viol\u00eancia gerados hoje por alguns manifestantes, que mancham uma categoria que exerce um trabalho t\u00e3o nobre, que \u00e9 ensinar pela educa\u00e7\u00e3o e o bom exemplo\u201d.<\/p>\n<figure class=\"wp-block-embed is-type-rich is-provider-twitter wp-block-embed-twitter\">\n<div class=\"wp-block-embed__wrapper\">\n<div class=\"twitter-tweet twitter-tweet-rendered\"><iframe id=\"twitter-widget-0\" class=\"\" title=\"Twitter Tweet\" src=\"https:\/\/platform.twitter.com\/embed\/Tweet.html?dnt=true&amp;embedId=twitter-widget-0&amp;features=eyJ0Zndfc2tlbGV0b25fbG9hZGluZ18xMzM5OCI6eyJidWNrZXQiOiJjdGEiLCJ2ZXJzaW9uIjpudWxsfSwidGZ3X3NwYWNlX2NhcmQiOnsiYnVja2V0Ijoib2ZmIiwidmVyc2lvbiI6bnVsbH0sInRmd19ob3Jpem9uX3R3ZWV0X2VtYmVkXzk1NTUiOnsiYnVja2V0IjoiaHRlIiwidmVyc2lvbiI6bnVsbH0sInRmd19zZW5zaXRpdmVfbWVkaWFfaW50ZXJzdGl0aWFsXzEzOTYzIjp7ImJ1Y2tldCI6ImludGVyc3RpdGlhbCIsInZlcnNpb24iOjR9LCJ0ZndfZXhwZXJpbWVudHNfY29va2llX2V4cGlyYXRpb24iOnsiYnVja2V0IjoxMjA5NjAwLCJ2ZXJzaW9uIjpudWxsfX0%3D&amp;frame=false&amp;hideCard=false&amp;hideThread=false&amp;id=1509537012927373316&amp;lang=pt&amp;origin=https%3A%2F%2Fradiobandeirantesgoiania.com.br%2Finauguracao-de-cmei-em-goiania-termina-com-prisao-de-professores-e-confusao-envolvendo-prefeito%2F&amp;sessionId=095162c58e511ae9394668ad0a17a820469f21d8&amp;theme=light&amp;widgetsVersion=2582c61%3A1645036219416&amp;width=550px\" frameborder=\"0\" scrolling=\"no\" allowfullscreen=\"allowfullscreen\" data-tweet-id=\"1509537012927373316\" data-mce-fragment=\"1\"><\/iframe><\/div>\n<\/div>\n<\/figure>\n<p>A presidente do Sindicato dos Trabalhadores em Educa\u00e7\u00e3o de Goi\u00e1s (Sintego), Bia de Lima, alega que esteve no Cmei para tentar negociar com o prefeito, mas que deixou o local ap\u00f3s n\u00e3o conseguir realizar a negocia\u00e7\u00e3o. Segundo a l\u00edder da categoria, o grupo que permaneceu no evento e causou a confus\u00e3o n\u00e3o faz parte do sindicato, e sim de um outro grupo de professores.<\/p>\n","protected":false},"excerpt":{"rendered":"<p>Dois professores foram detidos, na manh\u00e3 desta quinta-feira (31), durante inaugura\u00e7\u00e3o do Centro Municipal de Educa\u00e7\u00e3o Infantil (Cmei) Vila Arei\u00e3o, em Goi\u00e2nia. Eles faziam parte de um grupo que se manifestava em frente ao evento cobrando condi\u00e7\u00f5es para o fim da greve dos servidores, que j\u00e1 dura 17 dias. Renato Regis e Hugo Rincon foram &hellip;<\/p>\n","protected":false},"author":3,"featured_media":66445,"comment_status":"open","ping_status":"open","sticky":false,"template":"","format":"standard","meta":{"_exactmetrics_skip_tracking":false,"_exactmetrics_sitenote_active":false,"_exactmetrics_sitenote_note":"","_exactmetrics_sitenote_category":0,"footnotes":""},"categories":[7],"tags":[],"_links":{"self":[{"href":"https:\/\/goiasemtempo.com.br\/home\/wp-json\/wp\/v2\/posts\/66444"}],"collection":[{"href":"https:\/\/goiasemtempo.com.br\/home\/wp-json\/wp\/v2\/posts"}],"about":[{"href":"https:\/\/goiasemtempo.com.br\/home\/wp-json\/wp\/v2\/types\/post"}],"author":[{"embeddable":true,"href":"https:\/\/goiasemtempo.com.br\/home\/wp-json\/wp\/v2\/users\/3"}],"replies":[{"embeddable":true,"href":"https:\/\/goiasemtempo.com.br\/home\/wp-json\/wp\/v2\/comments?post=66444"}],"version-history":[{"count":1,"href":"https:\/\/goiasemtempo.com.br\/home\/wp-json\/wp\/v2\/posts\/66444\/revisions"}],"predecessor-version":[{"id":66446,"href":"https:\/\/goiasemtempo.com.br\/home\/wp-json\/wp\/v2\/posts\/66444\/revisions\/66446"}],"wp:featuredmedia":[{"embeddable":true,"href":"https:\/\/goiasemtempo.com.br\/home\/wp-json\/wp\/v2\/media\/66445"}],"wp:attachment":[{"href":"https:\/\/goiasemtempo.com.br\/home\/wp-json\/wp\/v2\/media?parent=66444"}],"wp:term":[{"taxonomy":"category","embeddable":true,"href":"https:\/\/goiasemtempo.com.br\/home\/wp-json\/wp\/v2\/categories?post=66444"},{"taxonomy":"post_tag","embeddable":true,"href":"https:\/\/goiasemtempo.com.br\/home\/wp-json\/wp\/v2\/tags?post=66444"}],"curies":[{"name":"wp","href":"https:\/\/api.w.org\/{rel}","templated":true}]}}