{"id":66394,"date":"2022-03-28T15:22:26","date_gmt":"2022-03-28T15:22:26","guid":{"rendered":"http:\/\/goiasemtempo.com.br\/home\/?p=66394"},"modified":"2022-03-28T15:22:26","modified_gmt":"2022-03-28T15:22:26","slug":"oscar-2022-entenda-por-que-will-smith-bateu-em-chris-rock-durante-a-cerimonia","status":"publish","type":"post","link":"https:\/\/goiasemtempo.com.br\/home\/oscar-2022-entenda-por-que-will-smith-bateu-em-chris-rock-durante-a-cerimonia\/","title":{"rendered":"Oscar 2022: Entenda por que Will Smith bateu em Chris Rock durante a cerim\u00f4nia"},"content":{"rendered":"<div role=\"main\">\n<section class=\"articlePage_section-DS-EntryPoint1-1 articlePageBodySection articlePage_section_continueReading-DS-EntryPoint1-1\" data-col=\"c4\">\n<article>\n<div class=\"views-article-body articlePage_body-DS-EntryPoint1-1\">\n<p data-t=\"{&quot;n&quot;:&quot;blueLinks&quot;}\">Neste domingo (27), durante a cerim\u00f4nia do 94\u00ba Oscar,\u00a0<a tabindex=\"0\" title=\"Will Smith (EUA) (Ator,Produtor,Produtor Executivo)\" href=\"http:\/\/www.adorocinema.com\/personalidades\/personalidade-19358\/\" target=\"_blank\" rel=\"noopener\" data-t=\"{&quot;n&quot;:&quot;destination&quot;,&quot;t&quot;:13,&quot;b&quot;:1,&quot;c.t&quot;:7}\">Will Smith<\/a>\u00a0e\u00a0<a tabindex=\"0\" title=\"Chris Rock (EUA) (Ator,Roteirista,Diretor)\" href=\"http:\/\/www.adorocinema.com\/personalidades\/personalidade-14611\/\" target=\"_blank\" rel=\"noopener\" data-t=\"{&quot;n&quot;:&quot;destination&quot;,&quot;t&quot;:13,&quot;b&quot;:1,&quot;c.t&quot;:7}\">Chris Rock<\/a>\u00a0se desentenderam enquanto o comediante anunciava a categoria de Melhor Document\u00e1rio, do qual\u00a0<a tabindex=\"0\" title=\"Summer of Soul (...Ou, Quando a Revolu\u00e7\u00e3o N\u00e3o Pode Ser Televisionada) (EUA) - 2021 (Document\u00e1rio,Musical)\" href=\"http:\/\/www.adorocinema.com\/filmes\/filme-289621\/\" target=\"_blank\" rel=\"noopener\" data-t=\"{&quot;n&quot;:&quot;destination&quot;,&quot;t&quot;:13,&quot;b&quot;:1,&quot;c.t&quot;:7}\">Summer of Soul (&#8230;ou, Quando a Revolu\u00e7\u00e3o N\u00e3o P\u00f4de Ser Televisionada)<\/a>\u00a0saiu vitorioso.<\/p>\n<p data-t=\"{&quot;n&quot;:&quot;blueLinks&quot;}\">Chris fez uma piada com o fato de\u00a0<a tabindex=\"0\" title=\"Jada Pinkett Smith (EUA) (Ator,Produtor Executivo,Produtor)\" href=\"http:\/\/www.adorocinema.com\/personalidades\/personalidade-15956\/\" target=\"_blank\" rel=\"noopener\" data-t=\"{&quot;n&quot;:&quot;destination&quot;,&quot;t&quot;:13,&quot;b&quot;:1,&quot;c.t&quot;:7}\">Jada Pinkett Smith<\/a>, esposa do ator de\u00a0<a tabindex=\"0\" title=\"King Richard: Criando Campe\u00e3s (EUA) - 2021 (Drama,Biografia)\" href=\"http:\/\/www.adorocinema.com\/filmes\/filme-272238\/\" target=\"_blank\" rel=\"noopener\" data-t=\"{&quot;n&quot;:&quot;destination&quot;,&quot;t&quot;:13,&quot;b&quot;:1,&quot;c.t&quot;:7}\">King Richard: Criando Campe\u00e3s<\/a>, estar careca. Ele comparou a atriz com Demi Moore em At\u00e9 o Limite da Honra. Em resposta, Will subiu ao palco e deu um tapa em Chris. &#8220;O nome da minha mulher n\u00e3o vai ficar na sua boca&#8221;, declarou o ator posteriormente.<\/p>\n<div class=\"twitter-slot\">\n<div class=\"twitter-tweet twitter-tweet-rendered\"><iframe id=\"twitter-widget-0\" class=\"\" title=\"Twitter Tweet\" src=\"https:\/\/platform.twitter.com\/embed\/Tweet.html?dnt=false&amp;embedId=twitter-widget-0&amp;features=eyJ0ZndfZXhwZXJpbWVudHNfY29va2llX2V4cGlyYXRpb24iOnsiYnVja2V0IjoxMjA5NjAwLCJ2ZXJzaW9uIjpudWxsfSwidGZ3X2hvcml6b25fdHdlZXRfZW1iZWRfOTU1NSI6eyJidWNrZXQiOiJodGUiLCJ2ZXJzaW9uIjpudWxsfSwidGZ3X3NrZWxldG9uX2xvYWRpbmdfMTMzOTgiOnsiYnVja2V0IjoiY3RhIiwidmVyc2lvbiI6bnVsbH0sInRmd19zcGFjZV9jYXJkIjp7ImJ1Y2tldCI6Im9mZiIsInZlcnNpb24iOm51bGx9fQ%3D%3D&amp;frame=false&amp;hideCard=false&amp;hideThread=false&amp;id=1508272503470407686&amp;lang=pt&amp;origin=https%3A%2F%2Fwww.adorocinema.com%2Fnoticias%2Ffilmes%2Fnoticia-162913%2F&amp;sessionId=836ac79ab363f897e7430da927d5bace522df8fc&amp;theme=light&amp;widgetsVersion=2582c61%3A1645036219416&amp;width=550px\" frameborder=\"0\" scrolling=\"no\" allowfullscreen=\"allowfullscreen\" data-tweet-id=\"1508272503470407686\" data-mce-fragment=\"1\"><\/iframe><\/div>\n<\/div>\n<p data-t=\"{&quot;n&quot;:&quot;blueLinks&quot;}\">Jada sofre de alopecia, uma doen\u00e7a autoimune em que ocorre a perda de cabelo ou p\u00ealos em diferentes partes do corpo. Em outras ocasi\u00f5es, a artista chegou a falar sobre as dificuldades em lidar com essa condi\u00e7\u00e3o. \u201cFoi aterrorizante quando come\u00e7ou. Eu estava no chuveiro um dia e ent\u00e3o tinha um monte de cabelo na minha m\u00e3o, eu fiquei tipo, \u2018Meu Deus, estou ficando careca?&#8217;\u201d.<\/p>\n<div class=\"intra-article-ad intra-article-ad-half\" data-rendered=\"true\">\n<div class=\"native-ad-container native-ad-half\">\n<div class=\"article no-content-indicator image-pos-end narrow-image\">\n<div class=\"text\"><\/div>\n<div class=\"image-end\">\n<div class=\"image-end-container\">\n<div class=\"image-end-gradient-container\">\n<div class=\"image-end-gradient-bottom\">Ao receber o Oscar de Melhor Ator, Will pediu desculpas \u00e0 Academia pelo desentendimento com Chris Rock. &#8220;O amor faz a gente fazer coisas loucas&#8221;, disse.<\/div>\n<\/div>\n<\/div>\n<\/div>\n<\/div>\n<\/div>\n<\/div>\n<p data-t=\"{&quot;n&quot;:&quot;blueLinks&quot;}\">\n<p id=\"continueReadBreak\" data-t=\"{&quot;n&quot;:&quot;blueLinks&quot;}\">O ator ainda fez men\u00e7\u00e3o \u00e0 hist\u00f3ria do filme em paralelo \u00e0 sua pr\u00f3pria vida, de que, assim como Richard Williams, ele \u00e9 &#8220;um grande defensor da fam\u00edlia&#8221;. &#8220;Estou recebendo um chamado na minha vida para amar as pessoas e para proteger as pessoas. Para ser um rio para o meu povo&#8221;, declarou. Dedicou a vit\u00f3ria para toda a equipe do longa, a toda fam\u00edlia Williams e aos seus entes queridos.<\/p>\n<div class=\"article-video-slot\" data-doc-id=\"AAPavBe\" data-rendered=\"true\">\n<div class=\"videocard1PP undefined\">\n<div class=\"content-video-container\" data-t=\"{&quot;n&quot;:&quot;ContentVideoPlayer&quot;,&quot;t&quot;:61,&quot;a&quot;:&quot;click&quot;,&quot;b&quot;:57,&quot;ext&quot;:{&quot;videoCs&quot;:&quot;AAPavBe&quot;,&quot;videoFormatCode&quot;:1006,&quot;title&quot;:&quot;King Richard Criando Campe\u00e3s Trailer Legendado&quot;,&quot;videoDuration&quot;:157,&quot;pageGroup&quot;:&quot;braent&quot;,&quot;playerInstanceId&quot;:&quot;vjs_video_3_html5_api&quot;,&quot;playType&quot;:&quot;pb&quot;,&quot;playerTech&quot;:&quot;HTML5&quot;,&quot;pluginVersion&quot;:&quot;HTML5&quot;,&quot;size&quot;:&quot;768x432&quot;,&quot;videoPlayerType&quot;:&quot;mp4:progressive&quot;,&quot;playerType&quot;:&quot;HTML5&quot;,&quot;videoUrl&quot;:&quot;https:\/\/prod-streaming-video-msn-com.akamaized.net\/d24f9417-b3e6-4f3d-82a8-639afe321a1d\/27d32750-5e85-4c78-9db8-4f83590c.ism\/manifest(format=m3u8-aapl)&quot;}}\">\n<div id=\"vjs_video_3\" class=\"video-js vjs-msn vjs-fill vjs_video_3-dimensions vjs-workinghover vjs-v7 vjs-layout-medium vjs-qualityselector vjs-freewheel vjs-telemetry vjs-geofencing vjs-hide-bigplaybutton vjs-controls-enabled vjs-playing vjs-has-started vjs-user-inactive\" lang=\"pt-br\" tabindex=\"-1\" role=\"region\" data-setup=\"{ &quot;inactivityTimeout&quot;: 2000 }\" aria-label=\"Video Player\">\n<div class=\"vjs-text-track-display\" aria-live=\"off\" aria-atomic=\"true\">\n<div><img decoding=\"async\" src=\"http:\/\/goiasemtempo.com.br\/home\/wp-content\/uploads\/2022\/03\/smith-e-rock.jpg\" \/><\/div>\n<\/div>\n<\/div>\n<\/div>\n<\/div>\n<\/div>\n<\/div>\n<\/article>\n<\/section>\n<section id=\"articlePageCommentsSection\" class=\"articlePage_section-DS-EntryPoint1-1\">\n<div class=\"mainContainer-DS-EntryPoint1-2 mainContainer-DS-EntryPoint1-3\" data-t=\"{&quot;n&quot;:&quot;COMMENT&quot;,&quot;c.v&quot;:&quot;cinema&quot;,&quot;c.c&quot;:&quot;noticias&quot;}\">\n<div class=\"commentContainer-DS-EntryPoint1-1 commentOverlayContainer-DS-EntryPoint1-1\"><\/div>\n<div id=\"component-end-indicator\"><\/div>\n<\/div>\n<div class=\"mainContainer-DS-EntryPoint1-4\" data-t=\"{&quot;n&quot;:&quot;SOCIAL&quot;,&quot;c.v&quot;:&quot;cinema&quot;,&quot;c.c&quot;:&quot;noticias&quot;}\"><\/div>\n<\/section>\n<\/div>\n<div class=\"articlePage_eoabContent-DS-EntryPoint1-1\">\n<hr class=\"divider-DS-EntryPoint1-1 articlePage_divider-DS-EntryPoint1-1\" \/>\n<div class=\"articlePage_eoabNativeAd-DS-EntryPoint1-1\">\n<h2><\/h2>\n<\/div>\n<\/div>\n","protected":false},"excerpt":{"rendered":"<p>Neste domingo (27), durante a cerim\u00f4nia do 94\u00ba Oscar,\u00a0Will Smith\u00a0e\u00a0Chris Rock\u00a0se desentenderam enquanto o comediante anunciava a categoria de Melhor Document\u00e1rio, do qual\u00a0Summer of Soul (&#8230;ou, Quando a Revolu\u00e7\u00e3o N\u00e3o P\u00f4de Ser Televisionada)\u00a0saiu vitorioso. Chris fez uma piada com o fato de\u00a0Jada Pinkett Smith, esposa do ator de\u00a0King Richard: Criando Campe\u00e3s, estar careca. Ele comparou &hellip;<\/p>\n","protected":false},"author":3,"featured_media":66396,"comment_status":"open","ping_status":"open","sticky":false,"template":"","format":"standard","meta":{"_exactmetrics_skip_tracking":false,"_exactmetrics_sitenote_active":false,"_exactmetrics_sitenote_note":"","_exactmetrics_sitenote_category":0,"footnotes":""},"categories":[41],"tags":[],"_links":{"self":[{"href":"https:\/\/goiasemtempo.com.br\/home\/wp-json\/wp\/v2\/posts\/66394"}],"collection":[{"href":"https:\/\/goiasemtempo.com.br\/home\/wp-json\/wp\/v2\/posts"}],"about":[{"href":"https:\/\/goiasemtempo.com.br\/home\/wp-json\/wp\/v2\/types\/post"}],"author":[{"embeddable":true,"href":"https:\/\/goiasemtempo.com.br\/home\/wp-json\/wp\/v2\/users\/3"}],"replies":[{"embeddable":true,"href":"https:\/\/goiasemtempo.com.br\/home\/wp-json\/wp\/v2\/comments?post=66394"}],"version-history":[{"count":1,"href":"https:\/\/goiasemtempo.com.br\/home\/wp-json\/wp\/v2\/posts\/66394\/revisions"}],"predecessor-version":[{"id":66397,"href":"https:\/\/goiasemtempo.com.br\/home\/wp-json\/wp\/v2\/posts\/66394\/revisions\/66397"}],"wp:featuredmedia":[{"embeddable":true,"href":"https:\/\/goiasemtempo.com.br\/home\/wp-json\/wp\/v2\/media\/66396"}],"wp:attachment":[{"href":"https:\/\/goiasemtempo.com.br\/home\/wp-json\/wp\/v2\/media?parent=66394"}],"wp:term":[{"taxonomy":"category","embeddable":true,"href":"https:\/\/goiasemtempo.com.br\/home\/wp-json\/wp\/v2\/categories?post=66394"},{"taxonomy":"post_tag","embeddable":true,"href":"https:\/\/goiasemtempo.com.br\/home\/wp-json\/wp\/v2\/tags?post=66394"}],"curies":[{"name":"wp","href":"https:\/\/api.w.org\/{rel}","templated":true}]}}