{"id":6631,"date":"2017-12-27T17:09:13","date_gmt":"2017-12-27T17:09:13","guid":{"rendered":"http:\/\/goiasemtempo.com.br\/home\/?p=6631"},"modified":"2017-12-27T17:09:13","modified_gmt":"2017-12-27T17:09:13","slug":"macron-e-merkel-consideram-violacoes-do-cessar-fogo-na-ucrania-inaceitaveis","status":"publish","type":"post","link":"https:\/\/goiasemtempo.com.br\/home\/macron-e-merkel-consideram-violacoes-do-cessar-fogo-na-ucrania-inaceitaveis\/","title":{"rendered":"Macron e Merkel consideram viola\u00e7\u00f5es do cessar-fogo na Ucr\u00e2nia inaceit\u00e1veis"},"content":{"rendered":"<p>O presidente da Fran\u00e7a, Emmanuel Macron, e a chanceler da Alemanha, Angela Merkel, classificaram neste s\u00e1bado (23) de inaceit\u00e1veis as crescentes viola\u00e7\u00f5es do cessar-fogo no leste da Ucr\u00e2nia e pediram que as partes em conflito assumam as suas responsabilidades.<\/p>\n<p>Os dois pol\u00edticos destacaram, em comunicado divulgado pelo Pal\u00e1cio do Eliseu, sede da presid\u00eancia francesa, que a solu\u00e7\u00e3o para a disputa que come\u00e7ou em 2014 na regi\u00e3o entre o Ex\u00e9rcito ucraniano e mil\u00edcias separatistas pro-R\u00fassia pelo controle do territ\u00f3rio s\u00f3 pode ser pac\u00edfica.<\/p>\n<p>Macron e Merkel reafirmaram apoio ao pleno respeito \u00e0 soberania e \u00e0 integridade territorial da Ucr\u00e2nia e o compromisso com a aplica\u00e7\u00e3o completa dos Protocolo de Minsk, assinados em fevereiro de 2015 pelo presidente da R\u00fassia, Vladimir Putin, e o presidente da Ucr\u00e2nia, Petro Poroshenko.<\/p>\n","protected":false},"excerpt":{"rendered":"<p>O presidente da Fran\u00e7a, Emmanuel Macron, e a chanceler da Alemanha, Angela Merkel, classificaram neste s\u00e1bado (23) de inaceit\u00e1veis as crescentes viola\u00e7\u00f5es do cessar-fogo no leste da Ucr\u00e2nia e pediram que as partes em conflito assumam as suas responsabilidades. Os dois pol\u00edticos destacaram, em comunicado divulgado pelo Pal\u00e1cio do Eliseu, sede da presid\u00eancia francesa, que &hellip;<\/p>\n","protected":false},"author":2,"featured_media":0,"comment_status":"open","ping_status":"open","sticky":false,"template":"","format":"standard","meta":{"_exactmetrics_skip_tracking":false,"_exactmetrics_sitenote_active":false,"_exactmetrics_sitenote_note":"","_exactmetrics_sitenote_category":0,"footnotes":""},"categories":[4],"tags":[],"_links":{"self":[{"href":"https:\/\/goiasemtempo.com.br\/home\/wp-json\/wp\/v2\/posts\/6631"}],"collection":[{"href":"https:\/\/goiasemtempo.com.br\/home\/wp-json\/wp\/v2\/posts"}],"about":[{"href":"https:\/\/goiasemtempo.com.br\/home\/wp-json\/wp\/v2\/types\/post"}],"author":[{"embeddable":true,"href":"https:\/\/goiasemtempo.com.br\/home\/wp-json\/wp\/v2\/users\/2"}],"replies":[{"embeddable":true,"href":"https:\/\/goiasemtempo.com.br\/home\/wp-json\/wp\/v2\/comments?post=6631"}],"version-history":[{"count":1,"href":"https:\/\/goiasemtempo.com.br\/home\/wp-json\/wp\/v2\/posts\/6631\/revisions"}],"predecessor-version":[{"id":6632,"href":"https:\/\/goiasemtempo.com.br\/home\/wp-json\/wp\/v2\/posts\/6631\/revisions\/6632"}],"wp:attachment":[{"href":"https:\/\/goiasemtempo.com.br\/home\/wp-json\/wp\/v2\/media?parent=6631"}],"wp:term":[{"taxonomy":"category","embeddable":true,"href":"https:\/\/goiasemtempo.com.br\/home\/wp-json\/wp\/v2\/categories?post=6631"},{"taxonomy":"post_tag","embeddable":true,"href":"https:\/\/goiasemtempo.com.br\/home\/wp-json\/wp\/v2\/tags?post=6631"}],"curies":[{"name":"wp","href":"https:\/\/api.w.org\/{rel}","templated":true}]}}