{"id":66276,"date":"2022-03-21T15:15:18","date_gmt":"2022-03-21T15:15:18","guid":{"rendered":"http:\/\/goiasemtempo.com.br\/home\/?p=66276"},"modified":"2022-03-21T15:39:14","modified_gmt":"2022-03-21T15:39:14","slug":"vitor-hugo-lanca-seu-nome-ao-governo-de-goias-e-afirma-ter-apoio-do-presidente-bolsonaro","status":"publish","type":"post","link":"https:\/\/goiasemtempo.com.br\/home\/vitor-hugo-lanca-seu-nome-ao-governo-de-goias-e-afirma-ter-apoio-do-presidente-bolsonaro\/","title":{"rendered":"Vitor Hugo lan\u00e7a seu nome ao governo de Goi\u00e1s e afirma ter apoio do presidente Bolsonaro"},"content":{"rendered":"<p>Depois de uma visita do prefeito de Aparecida de Goi\u00e2nia, Gustavo Mendanha (sem partido), ao presidente da Rep\u00fablica, Jair Bolsonaro (PL), deixando uma impress\u00e3o que ambos fariam uma alian\u00e7a para a disputa do pleito de 2022, um dia depois deste encontro o deputado federal Vitor Hugo (sem partido) lan\u00e7a seu nome como pr\u00e9-candidato ao governo de Goi\u00e1s e tamb\u00e9m sua filia\u00e7\u00e3o ao Partido Liberal.<\/p>\n<p>Vitor Hugo disse que na pr\u00f3xima semana estar\u00e1 ao lado do mandat\u00e1rio nacional apresentando sua filia\u00e7\u00e3o e sua pr\u00e9-candidatura ao governo de estado.<\/p>\n<p>\u201cSigo firme como pr\u00e9-candidato ao governo de Goi\u00e1s, vou me filiar ao PL e lan\u00e7ar a pr\u00e9-candidatura ao lado do presidente no final de semana que vem, a convite do pr\u00f3prio JB (Jair Bolsonaro), que decidiu por me apoiar\u201d, publicou o parlamentar.<\/p>\n<p>Al\u00e9m de seu nome para governador, Hugo lembrou que o nome para disputar o Senado Federal tamb\u00e9m ser\u00e1 apresentado, em breve, e que foi escolhido pelo presidente Bolsonaro.<\/p>\n<p>Vitor Hugo destacou ainda que defende coer\u00eancia e lealdade, criticando aqueles que surgem nos momentos por conveni\u00eancia, sem citar o nome do prefeito Gustavo Mendanha.<\/p>\n<p>\u201cJ\u00e1 vi muitos se aproximarem em fun\u00e7\u00e3o da conveni\u00eancia de momento e, diante da mudan\u00e7a de quadro pol\u00edtico iminente, abandonar o barco. Fiquem atentos agora, porque os aproveitadores, os inseguros e os incoerentes se revelar\u00e3o cada vez mais no cen\u00e1rio pol\u00edtico goiano\u201d, afirmou Hugo.<\/p>\n<p>De h\u00e1 muito o deputado vem buscando apoio para massificar sua candidatura ao governo de Goi\u00e1s, em diversas oportunidades o parlamentar disse que seu nome \u00e9 o \u00fanico representante da direita em Goi\u00e1s, um nome que pode, de fato, fazer palco para ajudar na reelei\u00e7\u00e3o de Jair Bolsonaro.<\/p>\n<p>J\u00e1 o presidente do PL em Goi\u00e1s, Fl\u00e1vio Canedo, reluta e se posicionou contr\u00e1rio \u00e0 candidatura de Vitor Hugo ao governo de Goi\u00e1s. Essa \u00e9 a mesma tese da deputada Magda Mofatto.<\/p>\n","protected":false},"excerpt":{"rendered":"<p>Depois de uma visita do prefeito de Aparecida de Goi\u00e2nia, Gustavo Mendanha (sem partido), ao presidente da Rep\u00fablica, Jair Bolsonaro (PL), deixando uma impress\u00e3o que ambos fariam uma alian\u00e7a para a disputa do pleito de 2022, um dia depois deste encontro o deputado federal Vitor Hugo (sem partido) lan\u00e7a seu nome como pr\u00e9-candidato ao governo &hellip;<\/p>\n","protected":false},"author":3,"featured_media":66277,"comment_status":"open","ping_status":"open","sticky":false,"template":"","format":"standard","meta":{"_exactmetrics_skip_tracking":false,"_exactmetrics_sitenote_active":false,"_exactmetrics_sitenote_note":"","_exactmetrics_sitenote_category":0,"footnotes":""},"categories":[15,2],"tags":[],"_links":{"self":[{"href":"https:\/\/goiasemtempo.com.br\/home\/wp-json\/wp\/v2\/posts\/66276"}],"collection":[{"href":"https:\/\/goiasemtempo.com.br\/home\/wp-json\/wp\/v2\/posts"}],"about":[{"href":"https:\/\/goiasemtempo.com.br\/home\/wp-json\/wp\/v2\/types\/post"}],"author":[{"embeddable":true,"href":"https:\/\/goiasemtempo.com.br\/home\/wp-json\/wp\/v2\/users\/3"}],"replies":[{"embeddable":true,"href":"https:\/\/goiasemtempo.com.br\/home\/wp-json\/wp\/v2\/comments?post=66276"}],"version-history":[{"count":1,"href":"https:\/\/goiasemtempo.com.br\/home\/wp-json\/wp\/v2\/posts\/66276\/revisions"}],"predecessor-version":[{"id":66278,"href":"https:\/\/goiasemtempo.com.br\/home\/wp-json\/wp\/v2\/posts\/66276\/revisions\/66278"}],"wp:featuredmedia":[{"embeddable":true,"href":"https:\/\/goiasemtempo.com.br\/home\/wp-json\/wp\/v2\/media\/66277"}],"wp:attachment":[{"href":"https:\/\/goiasemtempo.com.br\/home\/wp-json\/wp\/v2\/media?parent=66276"}],"wp:term":[{"taxonomy":"category","embeddable":true,"href":"https:\/\/goiasemtempo.com.br\/home\/wp-json\/wp\/v2\/categories?post=66276"},{"taxonomy":"post_tag","embeddable":true,"href":"https:\/\/goiasemtempo.com.br\/home\/wp-json\/wp\/v2\/tags?post=66276"}],"curies":[{"name":"wp","href":"https:\/\/api.w.org\/{rel}","templated":true}]}}