{"id":66213,"date":"2022-03-18T14:30:47","date_gmt":"2022-03-18T14:30:47","guid":{"rendered":"http:\/\/goiasemtempo.com.br\/home\/?p=66213"},"modified":"2022-03-18T14:31:48","modified_gmt":"2022-03-18T14:31:48","slug":"vice-de-aparecida-defende-alianca-de-mendanha-com-marconi-e-diz-que-grupo-ganhara-forca-para-o-pleito","status":"publish","type":"post","link":"https:\/\/goiasemtempo.com.br\/home\/vice-de-aparecida-defende-alianca-de-mendanha-com-marconi-e-diz-que-grupo-ganhara-forca-para-o-pleito\/","title":{"rendered":"Vice de Aparecida defende alian\u00e7a de Mendanha com Marconi e diz que grupo ganhar\u00e1 for\u00e7a para o pleito"},"content":{"rendered":"<p>Diante da elei\u00e7\u00e3o de outubro, aproximando-se, o grupo pol\u00edtico em prol da candidatura do prefeito de Aparecida de Goi\u00e2nia, Gustavo Mendanha (sem partido), tende a ganhar ainda mais musculatura nas pr\u00f3ximas semanas. Essa \u00e9 a leitura feita pelo vice-prefeito Vilmar Mariano (Podemos) proferida em entrevista \u00e0 Bandeirantes, nessa quinta-feira (17).<\/p>\n<p>De acordo com pol\u00edtico, h\u00e1 partidos que est\u00e3o com o governador Ronaldo Caiado (UB), mas que isso n\u00e3o estaria ainda acertado definitivamente, ou seja, pode haver sa\u00eddas do grupo do mandat\u00e1rio do Executivo goiano rumando \u00e0 alian\u00e7a com Mendanha.<\/p>\n<p>\u201cVir\u00e3o outros. Os que est\u00e3o com Caiado hoje n\u00e3o t\u00eam nada certo. As conven\u00e7\u00f5es \u00e9 que v\u00e3o definir. Esses partidos t\u00eam aberto di\u00e1logo com o Gustavo. S\u00f3 ap\u00f3s as conven\u00e7\u00f5es saberemos quem est\u00e1 ao lado de Gustavo e quem est\u00e1 com Caiado\u201d, disse.<\/p>\n<p>No que se refere a uma uni\u00e3o pol\u00edtica de Mendanha com o ex-governador Marconi Perillo, o vice-prefeito explicou que, a seu ver, essa aproxima\u00e7\u00e3o seria salutar, j\u00e1 que o tucano \u00e9 uma figura politicamente expressiva.<\/p>\n<p>\u201cVilmar Mariano, como cidad\u00e3o, acha que a alian\u00e7a \u00e9 totalmente saud\u00e1vel. Mas, como pol\u00edtico, deixo essa resposta para o Gustavo Mendanha. Ele est\u00e1 fazendo as discuss\u00f5es. O ex-governador Marconi \u00e9 um grande quadro do estado de Goi\u00e1s, tem uma folha de servi\u00e7os prestados e faz bem a qualquer coliga\u00e7\u00e3o\u201d, avaliou.<\/p>\n<p>Gustavo Mendanha deixou o MDB em setembro de 2021 e desde ent\u00e3o n\u00e3o se filiou \u00e0 outra legenda. Na semana passada, o ex-emedebista confirmou sa\u00edda do Executivo aparecidense em 31 de mar\u00e7o. No dia seguinte, em primeiro de abril, Vilmar Mariano assumir\u00e1 o cargo e prometeu que o projeto da chapa eleita em 2020 continuar\u00e1 sem altera\u00e7\u00f5es.<\/p>\n<p>\u201cVai mudar s\u00f3 o gestor. O projeto pol\u00edtico \u00e9 o mesmo. Os programas do Gustavo de infraestrutura, a\u00e7\u00f5es sociais e outros n\u00e3o v\u00e3o mudar. O governo \u00e9 continuado, o mesmo que o Gustavo est\u00e1 fazendo\u201d, disse.<\/p>\n<p>Com Ag\u00eancia de Not\u00edcias\/Bandeirantes\/<\/p>\n","protected":false},"excerpt":{"rendered":"<p>Diante da elei\u00e7\u00e3o de outubro, aproximando-se, o grupo pol\u00edtico em prol da candidatura do prefeito de Aparecida de Goi\u00e2nia, Gustavo Mendanha (sem partido), tende a ganhar ainda mais musculatura nas pr\u00f3ximas semanas. Essa \u00e9 a leitura feita pelo vice-prefeito Vilmar Mariano (Podemos) proferida em entrevista \u00e0 Bandeirantes, nessa quinta-feira (17). De acordo com pol\u00edtico, h\u00e1 &hellip;<\/p>\n","protected":false},"author":3,"featured_media":66214,"comment_status":"open","ping_status":"open","sticky":false,"template":"","format":"standard","meta":{"_exactmetrics_skip_tracking":false,"_exactmetrics_sitenote_active":false,"_exactmetrics_sitenote_note":"","_exactmetrics_sitenote_category":0,"footnotes":""},"categories":[7,15,2],"tags":[],"_links":{"self":[{"href":"https:\/\/goiasemtempo.com.br\/home\/wp-json\/wp\/v2\/posts\/66213"}],"collection":[{"href":"https:\/\/goiasemtempo.com.br\/home\/wp-json\/wp\/v2\/posts"}],"about":[{"href":"https:\/\/goiasemtempo.com.br\/home\/wp-json\/wp\/v2\/types\/post"}],"author":[{"embeddable":true,"href":"https:\/\/goiasemtempo.com.br\/home\/wp-json\/wp\/v2\/users\/3"}],"replies":[{"embeddable":true,"href":"https:\/\/goiasemtempo.com.br\/home\/wp-json\/wp\/v2\/comments?post=66213"}],"version-history":[{"count":2,"href":"https:\/\/goiasemtempo.com.br\/home\/wp-json\/wp\/v2\/posts\/66213\/revisions"}],"predecessor-version":[{"id":66216,"href":"https:\/\/goiasemtempo.com.br\/home\/wp-json\/wp\/v2\/posts\/66213\/revisions\/66216"}],"wp:featuredmedia":[{"embeddable":true,"href":"https:\/\/goiasemtempo.com.br\/home\/wp-json\/wp\/v2\/media\/66214"}],"wp:attachment":[{"href":"https:\/\/goiasemtempo.com.br\/home\/wp-json\/wp\/v2\/media?parent=66213"}],"wp:term":[{"taxonomy":"category","embeddable":true,"href":"https:\/\/goiasemtempo.com.br\/home\/wp-json\/wp\/v2\/categories?post=66213"},{"taxonomy":"post_tag","embeddable":true,"href":"https:\/\/goiasemtempo.com.br\/home\/wp-json\/wp\/v2\/tags?post=66213"}],"curies":[{"name":"wp","href":"https:\/\/api.w.org\/{rel}","templated":true}]}}