{"id":66178,"date":"2022-03-15T13:34:28","date_gmt":"2022-03-15T13:34:28","guid":{"rendered":"http:\/\/goiasemtempo.com.br\/home\/?p=66178"},"modified":"2022-03-15T13:38:27","modified_gmt":"2022-03-15T13:38:27","slug":"senador-diz-que-meirelles-nao-quer-correr-riscos-na-campanha-mas-nega-desistencia","status":"publish","type":"post","link":"https:\/\/goiasemtempo.com.br\/home\/senador-diz-que-meirelles-nao-quer-correr-riscos-na-campanha-mas-nega-desistencia\/","title":{"rendered":"Vanderlan diz que Meirelles \u201cn\u00e3o quer correr riscos\u201d na campanha, mas nega desist\u00eancia"},"content":{"rendered":"<p>O senador Vanderlan Cardoso (PSD) ainda nega que seja fato a desist\u00eancia de Henrique Meirelles (PSD) da pr\u00e9-candidatura ao Senado por Goi\u00e1s, apesar de, nos bastidores, o ex-ministro ser considerado carta fora do baralho. Meirelles voltou mais cedo para S\u00e3o Paulo depois da visita rel\u00e2mpago e de \u00faltima hora a Goi\u00e1s. A inten\u00e7\u00e3o era retomar as conversas sobre os rumos do PSD em S\u00e3o Paulo e ganhou ainda mais for\u00e7a a proposta para que o secret\u00e1rio da Fazenda e Planejamento seja candidato a vice-governador ao lado de Rodrigo Garcia (PSDB), com a sa\u00edda de Jo\u00e3o Doria.<\/p>\n<div id=\"sagre-1206417728\" class=\"sagre-materia-primeiro-paragrafo\">\n<div id=\"d_arroba-2\"><\/div>\n<\/div>\n<p>Apesar de negar a desist\u00eancia, Vanderlan Cardoso admitiu ontem, depois de reuni\u00e3o com representantes do Setor Produtivo, em Goi\u00e2nia, que o ex-ministro \u201cn\u00e3o quer correr riscos na campanha\u201d e que por isso avalia com detalhes o planejamento para eventual disputa. Ainda na semana passada, a Coluna informou que Meirelles considerava como fatores negativos o limite de gastos na campanha e a poss\u00edvel concorr\u00eancia com o ex-governador Marconi Perillo (PSDB), que lidera a corrida ao Senado nas pesquisas divulgadas.<\/p>\n<p>\u201cEle est\u00e1 buscando maneiras de fazer a pr\u00e9-campanha e a campanha dele. Ele \u00e9 muito organizado e n\u00e3o quer correr risco, como muitos j\u00e1 est\u00e3o correndo\u201d, disse Vanderlan em resposta ao Di\u00e1rio de Goi\u00e1s. O senador, no entanto, afirma a sa\u00edda de Meirelles n\u00e3o \u00e9 oficial. \u201cHora nenhuma ele disse para o PSD, nem para o presidente Kassab, com quem ele se reuniu nesse final de semana, nem para o Vilmar, nem para o Simeyzon, nem para o deputado Francisco J\u00fanior que ele vai desistir\u201d, alega.<\/p>\n<p>Por: Rubens Salom\u00e3o\/Sagres- Acr\u00e9scimo de Informa\u00e7\u00f5es-Goi\u00e1s Em Tempo-<\/p>\n<p>&nbsp;<\/p>\n","protected":false},"excerpt":{"rendered":"<p>O senador Vanderlan Cardoso (PSD) ainda nega que seja fato a desist\u00eancia de Henrique Meirelles (PSD) da pr\u00e9-candidatura ao Senado por Goi\u00e1s, apesar de, nos bastidores, o ex-ministro ser considerado carta fora do baralho. Meirelles voltou mais cedo para S\u00e3o Paulo depois da visita rel\u00e2mpago e de \u00faltima hora a Goi\u00e1s. A inten\u00e7\u00e3o era retomar &hellip;<\/p>\n","protected":false},"author":3,"featured_media":66179,"comment_status":"open","ping_status":"open","sticky":false,"template":"","format":"standard","meta":{"_exactmetrics_skip_tracking":false,"_exactmetrics_sitenote_active":false,"_exactmetrics_sitenote_note":"","_exactmetrics_sitenote_category":0,"footnotes":""},"categories":[15,2],"tags":[],"_links":{"self":[{"href":"https:\/\/goiasemtempo.com.br\/home\/wp-json\/wp\/v2\/posts\/66178"}],"collection":[{"href":"https:\/\/goiasemtempo.com.br\/home\/wp-json\/wp\/v2\/posts"}],"about":[{"href":"https:\/\/goiasemtempo.com.br\/home\/wp-json\/wp\/v2\/types\/post"}],"author":[{"embeddable":true,"href":"https:\/\/goiasemtempo.com.br\/home\/wp-json\/wp\/v2\/users\/3"}],"replies":[{"embeddable":true,"href":"https:\/\/goiasemtempo.com.br\/home\/wp-json\/wp\/v2\/comments?post=66178"}],"version-history":[{"count":2,"href":"https:\/\/goiasemtempo.com.br\/home\/wp-json\/wp\/v2\/posts\/66178\/revisions"}],"predecessor-version":[{"id":66181,"href":"https:\/\/goiasemtempo.com.br\/home\/wp-json\/wp\/v2\/posts\/66178\/revisions\/66181"}],"wp:featuredmedia":[{"embeddable":true,"href":"https:\/\/goiasemtempo.com.br\/home\/wp-json\/wp\/v2\/media\/66179"}],"wp:attachment":[{"href":"https:\/\/goiasemtempo.com.br\/home\/wp-json\/wp\/v2\/media?parent=66178"}],"wp:term":[{"taxonomy":"category","embeddable":true,"href":"https:\/\/goiasemtempo.com.br\/home\/wp-json\/wp\/v2\/categories?post=66178"},{"taxonomy":"post_tag","embeddable":true,"href":"https:\/\/goiasemtempo.com.br\/home\/wp-json\/wp\/v2\/tags?post=66178"}],"curies":[{"name":"wp","href":"https:\/\/api.w.org\/{rel}","templated":true}]}}