{"id":66118,"date":"2022-03-11T13:57:10","date_gmt":"2022-03-11T13:57:10","guid":{"rendered":"http:\/\/goiasemtempo.com.br\/home\/?p=66118"},"modified":"2022-03-11T14:02:18","modified_gmt":"2022-03-11T14:02:18","slug":"mato-grosso-do-sul-libera-uso-de-mascara-em-locais-fechados","status":"publish","type":"post","link":"https:\/\/goiasemtempo.com.br\/home\/mato-grosso-do-sul-libera-uso-de-mascara-em-locais-fechados\/","title":{"rendered":"Mato Grosso do Sul libera uso de m\u00e1scara em locais fechados"},"content":{"rendered":"<p>A\u00a0partir desta\u00a0quinta-feira (10), est\u00e1 liberado em todo o estado de Mato Grosso do Sul\u00a0(MS) a obrigatoriedade do uso de m\u00e1scaras em locais fechados.\u00a0A medida foi anunciada ontem\u00a0(9)\u00a0pelo\u00a0governo\u00a0do estado, ap\u00f3s reuni\u00e3o do Comit\u00ea do Programa Prosseguir e a equipe t\u00e9cnica da Secretaria de Sa\u00fade.<\/p>\n<p>O\u00a0secret\u00e1rio Geraldo Resende\u00a0atribuiu\u00a0a decis\u00e3o \u00e0 redu\u00e7\u00e3o do n\u00famero de casos,\u00a0interna\u00e7\u00f5es\u00a0e mortes\u00a0causados pela covid-19.\u00a0A decis\u00e3o, no entanto, n\u00e3o impede que as prefeituras tomem medidas mais r\u00edgidas, se necess\u00e1rio.<\/p>\n<h3 id=\"h-pr-ximas-ades-es\"><strong>Pr\u00f3ximas ades\u00f5es<\/strong><\/h3>\n<p>Em\u00a0S\u00e3o Paulo, o governador\u00a0Jo\u00e3o Doria\u00a0(PSDB) disse nesta\u00a0semana\u00a0que\u00a0a ado\u00e7\u00e3o da medida\u00a0no estado deve ser reavaliada\u00a0at\u00e9 o dia\u00a023 de mar\u00e7o, A\u00a0mudan\u00e7a\u00a0depende de um parecer do Comit\u00ea Cient\u00edfico do governo,\u00a0que deve estar pronto\u00a0at\u00e9 o dia 22.<\/p>\n<p>O Distrito Federal \u00e9 outra unidade da federa\u00e7\u00e3o onde\u00a0o fim da exig\u00eancia de m\u00e1scaras em ambientes fechados\u00a0est\u00e1 em an\u00e1lise. Segundo o governador Ibaneis Rocha,\u00a0a pandemia do novo coronav\u00edrus est\u00e1 sendo monitorada e os pr\u00f3ximos dados da Secretaria de Sa\u00fade ser\u00e3o\u00a0essenciais para que a medida seja adotada.<\/p>\n<p>J\u00e1 Goi\u00e1s, deve dispensar o uso obrigat\u00f3rio de m\u00e1scara em ambientes abertos na semana que vem. De acordo com o secret\u00e1rio Ismael Alexandrino, a medida ser\u00e1 adotada a partir de segunda-feira (14). A recomenda\u00e7\u00e3o deve ser inclu\u00edda em uma nota t\u00e9cnica que ainda n\u00e3o foi emitida.<\/p>\n<h3><strong>Rio de Janeiro<\/strong><\/h3>\n<p>Na \u00faltima\u00a0segunda-feira (7), o\u00a0Rio\u00a0de Janeiro\u00a0foi\u00a0a primeira capital brasileira a abolir completamente o uso de m\u00e1scaras, por orienta\u00e7\u00e3o do Comit\u00ea Cient\u00edfico da prefeitura. No dia 3, um decreto do governador Cl\u00e1udio Castro, publicado no\u00a0Di\u00e1rio Oficial,\u00a0suspendeu o uso de m\u00e1scara contra a covid-19\u00a0no estado, mas deixou\u00a0a decis\u00e3o para cada munic\u00edpio.<\/p>\n<h3><strong>Anvisa<\/strong><\/h3>\n<p>Em nota divulgada\u00a0ontem\u00a0(9), a Ag\u00eancia Nacional de Vigil\u00e2ncia Sanit\u00e1ria (Anvisa)\u00a0reiterou\u00a0que o uso de m\u00e1scaras em\u00a0ambientes de acesso controlado dos aeroportos \u2013 como as \u00e1reas de embarque) e dentro das aeronaves \u00e9 uma medida para diminuir o risco de transmiss\u00e3o da Covid-19, especialmente porque s\u00e3o ambientes onde n\u00e3o \u00e9 poss\u00edvel a manuten\u00e7\u00e3o do distanciamento f\u00edsico.<\/p>\n","protected":false},"excerpt":{"rendered":"<p>A\u00a0partir desta\u00a0quinta-feira (10), est\u00e1 liberado em todo o estado de Mato Grosso do Sul\u00a0(MS) a obrigatoriedade do uso de m\u00e1scaras em locais fechados.\u00a0A medida foi anunciada ontem\u00a0(9)\u00a0pelo\u00a0governo\u00a0do estado, ap\u00f3s reuni\u00e3o do Comit\u00ea do Programa Prosseguir e a equipe t\u00e9cnica da Secretaria de Sa\u00fade. O\u00a0secret\u00e1rio Geraldo Resende\u00a0atribuiu\u00a0a decis\u00e3o \u00e0 redu\u00e7\u00e3o do n\u00famero de casos,\u00a0interna\u00e7\u00f5es\u00a0e mortes\u00a0causados pela &hellip;<\/p>\n","protected":false},"author":3,"featured_media":66119,"comment_status":"open","ping_status":"open","sticky":false,"template":"","format":"standard","meta":{"footnotes":""},"categories":[6,45,4],"tags":[],"class_list":["post-66118","post","type-post","status-publish","format-standard","has-post-thumbnail","hentry","category-brasil","category-coronavirus","category-ultimas-noticias"],"_links":{"self":[{"href":"https:\/\/goiasemtempo.com.br\/home\/wp-json\/wp\/v2\/posts\/66118","targetHints":{"allow":["GET"]}}],"collection":[{"href":"https:\/\/goiasemtempo.com.br\/home\/wp-json\/wp\/v2\/posts"}],"about":[{"href":"https:\/\/goiasemtempo.com.br\/home\/wp-json\/wp\/v2\/types\/post"}],"author":[{"embeddable":true,"href":"https:\/\/goiasemtempo.com.br\/home\/wp-json\/wp\/v2\/users\/3"}],"replies":[{"embeddable":true,"href":"https:\/\/goiasemtempo.com.br\/home\/wp-json\/wp\/v2\/comments?post=66118"}],"version-history":[{"count":1,"href":"https:\/\/goiasemtempo.com.br\/home\/wp-json\/wp\/v2\/posts\/66118\/revisions"}],"predecessor-version":[{"id":66120,"href":"https:\/\/goiasemtempo.com.br\/home\/wp-json\/wp\/v2\/posts\/66118\/revisions\/66120"}],"wp:featuredmedia":[{"embeddable":true,"href":"https:\/\/goiasemtempo.com.br\/home\/wp-json\/wp\/v2\/media\/66119"}],"wp:attachment":[{"href":"https:\/\/goiasemtempo.com.br\/home\/wp-json\/wp\/v2\/media?parent=66118"}],"wp:term":[{"taxonomy":"category","embeddable":true,"href":"https:\/\/goiasemtempo.com.br\/home\/wp-json\/wp\/v2\/categories?post=66118"},{"taxonomy":"post_tag","embeddable":true,"href":"https:\/\/goiasemtempo.com.br\/home\/wp-json\/wp\/v2\/tags?post=66118"}],"curies":[{"name":"wp","href":"https:\/\/api.w.org\/{rel}","templated":true}]}}