{"id":65867,"date":"2022-02-24T13:07:42","date_gmt":"2022-02-24T13:07:42","guid":{"rendered":"http:\/\/goiasemtempo.com.br\/home\/?p=65867"},"modified":"2022-02-24T13:15:12","modified_gmt":"2022-02-24T13:15:12","slug":"o-que-e-rechaud-veja-cuidados-de-uso-do-utensilio-que-causou-a-morte-do-filho-do-ex-jogador-axel","status":"publish","type":"post","link":"https:\/\/goiasemtempo.com.br\/home\/o-que-e-rechaud-veja-cuidados-de-uso-do-utensilio-que-causou-a-morte-do-filho-do-ex-jogador-axel\/","title":{"rendered":"O que \u00e9 r\u00e9chaud? Veja cuidados de uso do utens\u00edlio que causou a morte do filho do ex-jogador Axel"},"content":{"rendered":"<p data-fetch=\"true\">Nesta semana,\u00a0<a href=\"https:\/\/diariodonordeste.verdesmares.com.br\/jogada\/filho-do-ex-jogador-axel-morre-aos-14-anos-vitima-de-acidente-domestico-1.3195947\" target=\"_blank\" rel=\"noopener\"><strong>morreu o filho do ex-jogador Axel\u00a0<\/strong><\/a>e atual treinador do S\u00e3o Caetano, Daniel Asafe Rodrigues de Arruda, de 14 anos, v\u00edtima de um acidente dom\u00e9stico enquanto manuseava um r\u00e9chaud, esp\u00e9cie de fogareiro, no \u00faltimo dia 13 de fevereiro.<\/p>\n<div id=\"P_DIARIO_DO_NORDESTE_INTEXT_01_0\" data-premium=\"\" data-adunit=\"DIARIO_DO_NORDESTE_INTEXT_01\" data-sizes-mobile=\"[[336,280],[300,250]]\" data-sizes-desktop=\"[[336,280],[300,250]]\" data-type=\"intext\" data-fetch=\"true\" data-google-query-id=\"CO7poIKzmPYCFbOUlQIdhb0CQQ\">\n<div id=\"google_ads_iframe_\/75894840,1028625\/DIARIO_DO_NORDESTE_INTEXT_01_0__container__\">A fatalidade aconteceu ap\u00f3s Daniel preencher o recipiente do r\u00e9chaud com<strong>\u00a0\u00e1lcool em gel\u00a0<\/strong>e o utens\u00edlio explodir. Axel e Marquinhos Pitbull, auxiliar do treinador, tamb\u00e9m sofreram queimaduras.<\/div>\n<\/div>\n<div id=\"_ppads_video\"><\/div>\n<p>Com a repercuss\u00e3o do tr\u00e1gico acidente, internautas t\u00eam levantado d\u00favidas sobre o\u00a0<strong>uso seguro do rechaud\u00a0<\/strong>e os riscos do uso do \u00e1lcool em gel na rotina, j\u00e1 que o item vem sendo bastante utilizado para prote\u00e7\u00e3o contra o coronav\u00edrus.<\/p>\n<p>Em entrevista o tenente coronel Giuliano Rocha, do Corpo de Bombeiros Militar do Estado do Cear\u00e1, explica que o uso de \u00e1lcool em gel requer alguns cuidados, pois acidentes podem ser fatais devido \u00e0 inflamabilidade do produto.<\/p>\n<p>&nbsp;<\/p>\n<figure>\n<div class=\"m-b-media m-b-media--image\"><img decoding=\"async\" class=\"lazyload\" src=\"https:\/\/diariodonordeste.verdesmares.com.br\/image\/contentid\/policy:1.3196310:1645643336\/rechaud1.jpg?f=default&amp;$p$f=2e63064\" alt=\"R\u00e9chaud\" data-src=\"\/image\/contentid\/policy:1.3196310:1645643336\/rechaud1.jpg?f=default&amp;$p$f=2e63064\" data-loaded=\"true\" \/><\/div><figcaption class=\"m-u-text-sans m-u-mt-2 m-u-px-3 m-u-text-sm m-u-line-height-tight m-u-color-gray-600\">\n<div class=\"m-u-mb-1\"><span class=\"m-u-text-bold\">Legenda:\u00a0<\/span>Acidentes de queimadura com o utens\u00edlio s\u00e3o comuns<\/div>\n<div class=\"m-u-mt-1\"><span class=\"m-u-text-bold\">Foto:\u00a0<\/span>Shutterstock<\/div>\n<\/figcaption><\/figure>\n<div id=\"P_DIARIO_DO_NORDESTE_INTEXT_02_0\" data-premium=\"\" data-adunit=\"DIARIO_DO_NORDESTE_INTEXT_02\" data-sizes-mobile=\"[[336,280],[300,250]]\" data-sizes-desktop=\"[[336,280],[300,250]]\" data-type=\"intext\" data-fetch=\"true\" data-google-query-id=\"CP_J9YmzmPYCFaezlQId1wYP7w\">\n<div id=\"google_ads_iframe_\/75894840,1028625\/DIARIO_DO_NORDESTE_INTEXT_02_0__container__\"><strong style=\"font-size: 24px;\">O QUE \u00c9 RECHAUD?<\/strong><\/div>\n<div><\/div>\n<\/div>\n<p>R\u00e9chuad \u00e9 uma palavra derivada do franc\u00eas, que significa &#8220;aquecimento&#8221;. Muito utilizado em buf\u00eas e restaurantes, \u00e9 um aparelho de cozinha que funciona como um fogareiro de metal, mantendo os alimentos aquecidos por mais tempo. O r\u00e9chaud pode ser encontrado em diferentes modelos e materiais, como inox, ferro, pedra sab\u00e3o e porcelana.<\/p>\n<h2><strong>COMO FUNCIONA O RECHAUD?<\/strong><\/h2>\n<p>\u00c9 necess\u00e1rio colocar algum tipo de combust\u00edvel dentro do recipiente do fogareiro. Existem algumas op\u00e7\u00f5es, como o \u00e1lcool em gel, pastilhas de \u00e1lcool s\u00f3lido e velas especiais para r\u00e9chauds. Geralmente, a capacidade de um fogareiro \u00e9 de 300 ml, para manter o fogo aceso por, aproximadamente, uma hora e meia.<\/p>\n<h2><strong>CUIDADOS AO MANUSEAR O RECHAUD<\/strong><\/h2>\n<p data-fetch=\"true\">O reabastecimento do r\u00e9chaud s\u00f3 pode ser feito com <strong>abafadores\u00a0<\/strong>e ap\u00f3s a verifica\u00e7\u00e3o de que a chama est\u00e1 completamente apagada. O ideal \u00e9 a troca de r\u00e9chaud, pois o simples aquecimento pode causar\u00a0<strong>chamas e explos\u00f5es<\/strong>. Durante o reabastecimento, \u00e9 recomend\u00e1vel deixar o recipiente de \u00e1lcool em gel distante.<\/p>\n<div id=\"P_DIARIO_DO_NORDESTE_INTEXT_03_0\" data-premium=\"\" data-adunit=\"DIARIO_DO_NORDESTE_INTEXT_03\" data-sizes-mobile=\"[[336,280],[300,250]]\" data-sizes-desktop=\"[[336,280],[300,250]]\" data-type=\"intext\" data-fetch=\"true\" data-google-query-id=\"CMaflouzmPYCFYBJuAQdPmEGKQ\">\n<p>Segundo o profissional, <strong>acidentes com r\u00e9chaud s\u00e3o comuns<\/strong>. Normalmente, os acidentes causam queimaduras pontuais no corpo, por\u00e9m, em casos mais gaves como o de Daniel, podem ser fatais.<\/p>\n<p>&nbsp;<\/p>\n<figure>\n<div class=\"m-b-media m-b-media--image\"><img decoding=\"async\" class=\"lazyload\" src=\"https:\/\/diariodonordeste.verdesmares.com.br\/image\/contentid\/policy:1.3196312:1645643405\/rechaud2.jpg?f=default&amp;$p$f=3874066\" alt=\"R\u00e9chaud\" data-src=\"\/image\/contentid\/policy:1.3196312:1645643405\/rechaud2.jpg?f=default&amp;$p$f=3874066\" data-loaded=\"true\" \/><\/div><figcaption class=\"m-u-text-sans m-u-mt-2 m-u-px-3 m-u-text-sm m-u-line-height-tight m-u-color-gray-600\">\n<div class=\"m-u-mb-1\"><span class=\"m-u-text-bold\">Legenda:\u00a0<\/span>R\u00e9chaud mant\u00e9m alimentos aquecidos por mais tempo<\/div>\n<div class=\"m-u-mt-1\"><span class=\"m-u-text-bold\">Foto:\u00a0<\/span>Shutterstock<\/div>\n<\/figcaption><\/figure>\n<p>&nbsp;<\/p>\n<p data-fetch=\"true\">O recipiente de<strong>\u00a0\u00e1lcool em gel nunca deve estar pr\u00f3ximo a fontes de calor<\/strong>. Em casa, a indica\u00e7\u00e3o \u00e9 mant\u00ea-lo longe de eletrodom\u00e9sticos como\u00a0<strong>fog\u00e3o, forno el\u00e9trico e micro-ondas<\/strong>. Como o \u00e1lcool \u00e9 muito vol\u00e1til, a tend\u00eancia \u00e9 que um simples aquecimento possa causar uma explos\u00e3o.<\/p>\n<p data-fetch=\"true\">Com Ag\u00eancia de Not\u00edcias\/ Sistema Verdes Mares\/<\/p>\n<div id=\"P_DIARIO_DO_NORDESTE_INTEXT_04_0\" data-premium=\"\" data-adunit=\"DIARIO_DO_NORDESTE_INTEXT_04\" data-sizes-mobile=\"[[336,280],[300,250]]\" data-sizes-desktop=\"[[336,280],[300,250]]\" data-type=\"intext\" data-fetch=\"true\" data-google-query-id=\"CL2m5YO1mPYCFeO0lQIdMj8IIw\">\n<div id=\"google_ads_iframe_\/75894840,1028625\/DIARIO_DO_NORDESTE_INTEXT_04_0__container__\"><\/div>\n<\/div>\n<\/div>\n","protected":false},"excerpt":{"rendered":"<p>Nesta semana,\u00a0morreu o filho do ex-jogador Axel\u00a0e atual treinador do S\u00e3o Caetano, Daniel Asafe Rodrigues de Arruda, de 14 anos, v\u00edtima de um acidente dom\u00e9stico enquanto manuseava um r\u00e9chaud, esp\u00e9cie de fogareiro, no \u00faltimo dia 13 de fevereiro. A fatalidade aconteceu ap\u00f3s Daniel preencher o recipiente do r\u00e9chaud com\u00a0\u00e1lcool em gel\u00a0e o utens\u00edlio explodir. Axel &hellip;<\/p>\n","protected":false},"author":3,"featured_media":65868,"comment_status":"open","ping_status":"open","sticky":false,"template":"","format":"standard","meta":{"footnotes":""},"categories":[474,4],"tags":[],"class_list":["post-65867","post","type-post","status-publish","format-standard","has-post-thumbnail","hentry","category-acidente-domestico","category-ultimas-noticias"],"_links":{"self":[{"href":"https:\/\/goiasemtempo.com.br\/home\/wp-json\/wp\/v2\/posts\/65867","targetHints":{"allow":["GET"]}}],"collection":[{"href":"https:\/\/goiasemtempo.com.br\/home\/wp-json\/wp\/v2\/posts"}],"about":[{"href":"https:\/\/goiasemtempo.com.br\/home\/wp-json\/wp\/v2\/types\/post"}],"author":[{"embeddable":true,"href":"https:\/\/goiasemtempo.com.br\/home\/wp-json\/wp\/v2\/users\/3"}],"replies":[{"embeddable":true,"href":"https:\/\/goiasemtempo.com.br\/home\/wp-json\/wp\/v2\/comments?post=65867"}],"version-history":[{"count":3,"href":"https:\/\/goiasemtempo.com.br\/home\/wp-json\/wp\/v2\/posts\/65867\/revisions"}],"predecessor-version":[{"id":65871,"href":"https:\/\/goiasemtempo.com.br\/home\/wp-json\/wp\/v2\/posts\/65867\/revisions\/65871"}],"wp:featuredmedia":[{"embeddable":true,"href":"https:\/\/goiasemtempo.com.br\/home\/wp-json\/wp\/v2\/media\/65868"}],"wp:attachment":[{"href":"https:\/\/goiasemtempo.com.br\/home\/wp-json\/wp\/v2\/media?parent=65867"}],"wp:term":[{"taxonomy":"category","embeddable":true,"href":"https:\/\/goiasemtempo.com.br\/home\/wp-json\/wp\/v2\/categories?post=65867"},{"taxonomy":"post_tag","embeddable":true,"href":"https:\/\/goiasemtempo.com.br\/home\/wp-json\/wp\/v2\/tags?post=65867"}],"curies":[{"name":"wp","href":"https:\/\/api.w.org\/{rel}","templated":true}]}}