{"id":65835,"date":"2022-02-23T12:43:43","date_gmt":"2022-02-23T12:43:43","guid":{"rendered":"http:\/\/goiasemtempo.com.br\/home\/?p=65835"},"modified":"2022-02-23T12:43:43","modified_gmt":"2022-02-23T12:43:43","slug":"em-sessao-polemica-vereadores-de-goiania-votam-pela-manutencao-do-nome-da-castello-branco","status":"publish","type":"post","link":"https:\/\/goiasemtempo.com.br\/home\/em-sessao-polemica-vereadores-de-goiania-votam-pela-manutencao-do-nome-da-castello-branco\/","title":{"rendered":"Em sess\u00e3o pol\u00eamica, vereadores de Goi\u00e2nia votam pela manuten\u00e7\u00e3o do nome da Castello Branco"},"content":{"rendered":"<p>Diante de muita press\u00e3o de empres\u00e1rios da regi\u00e3o da Avenida Castello Branco, contr\u00e1rios \u00e0 mudan\u00e7a do nome da via para Iris Rezende Machado, em Goi\u00e2nia, vereadores votaram pela manuten\u00e7\u00e3o do veto do prefeito Rog\u00e9rio Cruz, ou seja, para n\u00e3o mudar o nome.<\/p>\n<p>Em sess\u00e3o com os \u00e2nimos alterados na manh\u00e3 desta ter\u00e7a-feira (22), a maioria dos parlamentares decidiu por votar junto com o prefeito, por n\u00e3o derrubar o veto do chefe do Executivo. Foram 24 vereadores a favor da manuten\u00e7\u00e3o do veto e oito para derrub\u00e1-lo.<\/p>\n<p>O projeto que pretendia mudar o nome da Avenida Castello Branco para Iris Rezende Machado \u00e9 de autoria do vice-presidente da C\u00e2mara de Goi\u00e2nia, Cl\u00e9cio Alves (MDB). O parlamentar disse \u00e0 Bandeirantes que Iris merecia essa homenagem, por esta raz\u00e3o prop\u00f4s o documento.<\/p>\n<p>Na segunda-feira (21), os empres\u00e1rios realizaram uma manifesta\u00e7\u00e3o na regi\u00e3o da citada avenida com o objetivo de impedir a derrubada do veto do Pa\u00e7o. Ainda na sess\u00e3o desta ter\u00e7a-feira (22), houve presen\u00e7a dos empres\u00e1rios na galeria C\u00e2mara.<\/p>\n<p>Um dos pontos criticados pelos comerciantes, se o projeto fose aprovado pela C\u00e2mara, \u00e9 que a mudan\u00e7a do nome da avenida causaria custos a todos eles, al\u00e9m de terem que mudar placas e estruturas que tamb\u00e9m geram gastos.<\/p>\n<p>Na semana passada, a fam\u00edlia do ex-prefeito Iris Rezende publicou uma carta pedindo parcim\u00f4nia e respeito \u00e0 hist\u00f3ria de Iris e de Goi\u00e2nia e que a decis\u00e2o n\u00e3o fosse precipitada.<\/p>\n<p>&nbsp;<\/p>\n","protected":false},"excerpt":{"rendered":"<p>Diante de muita press\u00e3o de empres\u00e1rios da regi\u00e3o da Avenida Castello Branco, contr\u00e1rios \u00e0 mudan\u00e7a do nome da via para Iris Rezende Machado, em Goi\u00e2nia, vereadores votaram pela manuten\u00e7\u00e3o do veto do prefeito Rog\u00e9rio Cruz, ou seja, para n\u00e3o mudar o nome. Em sess\u00e3o com os \u00e2nimos alterados na manh\u00e3 desta ter\u00e7a-feira (22), a maioria &hellip;<\/p>\n","protected":false},"author":3,"featured_media":65836,"comment_status":"open","ping_status":"open","sticky":false,"template":"","format":"standard","meta":{"_exactmetrics_skip_tracking":false,"_exactmetrics_sitenote_active":false,"_exactmetrics_sitenote_note":"","_exactmetrics_sitenote_category":0,"footnotes":""},"categories":[7],"tags":[],"_links":{"self":[{"href":"https:\/\/goiasemtempo.com.br\/home\/wp-json\/wp\/v2\/posts\/65835"}],"collection":[{"href":"https:\/\/goiasemtempo.com.br\/home\/wp-json\/wp\/v2\/posts"}],"about":[{"href":"https:\/\/goiasemtempo.com.br\/home\/wp-json\/wp\/v2\/types\/post"}],"author":[{"embeddable":true,"href":"https:\/\/goiasemtempo.com.br\/home\/wp-json\/wp\/v2\/users\/3"}],"replies":[{"embeddable":true,"href":"https:\/\/goiasemtempo.com.br\/home\/wp-json\/wp\/v2\/comments?post=65835"}],"version-history":[{"count":1,"href":"https:\/\/goiasemtempo.com.br\/home\/wp-json\/wp\/v2\/posts\/65835\/revisions"}],"predecessor-version":[{"id":65837,"href":"https:\/\/goiasemtempo.com.br\/home\/wp-json\/wp\/v2\/posts\/65835\/revisions\/65837"}],"wp:featuredmedia":[{"embeddable":true,"href":"https:\/\/goiasemtempo.com.br\/home\/wp-json\/wp\/v2\/media\/65836"}],"wp:attachment":[{"href":"https:\/\/goiasemtempo.com.br\/home\/wp-json\/wp\/v2\/media?parent=65835"}],"wp:term":[{"taxonomy":"category","embeddable":true,"href":"https:\/\/goiasemtempo.com.br\/home\/wp-json\/wp\/v2\/categories?post=65835"},{"taxonomy":"post_tag","embeddable":true,"href":"https:\/\/goiasemtempo.com.br\/home\/wp-json\/wp\/v2\/tags?post=65835"}],"curies":[{"name":"wp","href":"https:\/\/api.w.org\/{rel}","templated":true}]}}