{"id":65494,"date":"2022-02-10T14:28:22","date_gmt":"2022-02-10T14:28:22","guid":{"rendered":"http:\/\/goiasemtempo.com.br\/home\/?p=65494"},"modified":"2022-02-10T14:28:22","modified_gmt":"2022-02-10T14:28:22","slug":"prefeitura-de-anapolis-reforca-sinalizacao-de-vias-do-municipio","status":"publish","type":"post","link":"https:\/\/goiasemtempo.com.br\/home\/prefeitura-de-anapolis-reforca-sinalizacao-de-vias-do-municipio\/","title":{"rendered":"Prefeitura de An\u00e1polis refor\u00e7a sinaliza\u00e7\u00e3o de vias do munic\u00edpio"},"content":{"rendered":"<p>ara promover seguran\u00e7a e preven\u00e7\u00e3o a poss\u00edveis acidentes, a Companhia Municipal de Tr\u00e2nsito, Transportes e Servi\u00e7os Urbanos (CMTT) intensificou a revitaliza\u00e7\u00e3o das sinaliza\u00e7\u00f5es horizontais e verticais de ruas e avenidas de An\u00e1polis. At\u00e9 a pr\u00f3xima semana, os bairros Arco \u00cdris, Jamil Miguel (1\u00aa e 2\u00aa Etapa), JK Nova Capital, Jundia\u00ed e Vivian Parque recebem o servi\u00e7o.<\/p>\n<p>O diretor de Tr\u00e2nsito e Transporte, Igor Lino Siqueira, explica que \u00e9 realizado um estudo para a implementa\u00e7\u00e3o de sinaliza\u00e7\u00e3o nas vias. \u201cAs equipes de sinaliza\u00e7\u00e3o fazem a revitaliza\u00e7\u00e3o, a implanta\u00e7\u00e3o ou a corre\u00e7\u00e3o de sinaliza\u00e7\u00e3o vertical e horizontal. Para isso, \u00e9 realizada uma vistoria no local para identificar os elementos t\u00e9cnicos da via quanto a qualidade da sinaliza\u00e7\u00e3o e as condi\u00e7\u00f5es para implementa\u00e7\u00e3o. Ap\u00f3s a aprova\u00e7\u00e3o, \u00e9 desenvolvido um projeto e encaminhado para a equipe de execu\u00e7\u00e3o.\u201d<\/p>\n<p>Para o presidente da CMTT, Fernando Cunha, a sinaliza\u00e7\u00e3o garante um tr\u00e2nsito mais organizado e seguro. \u201cAl\u00e9m dos trechos que s\u00e3o monitorados pela Companhia, estamos atendendo \u00e0 solicita\u00e7\u00e3o da popula\u00e7\u00e3o em v\u00e1rios locais&#8221;, explica.<\/p>\n<p>S\u00e3o quatro equipes respons\u00e1veis por atender as demandas no per\u00edodo diurno e duas no noturno. Para solicitar o servi\u00e7o basta entrar em contato pelo 156 ou pelo aplicativo Mais An\u00e1polis.<\/p>\n","protected":false},"excerpt":{"rendered":"<p>ara promover seguran\u00e7a e preven\u00e7\u00e3o a poss\u00edveis acidentes, a Companhia Municipal de Tr\u00e2nsito, Transportes e Servi\u00e7os Urbanos (CMTT) intensificou a revitaliza\u00e7\u00e3o das sinaliza\u00e7\u00f5es horizontais e verticais de ruas e avenidas de An\u00e1polis. At\u00e9 a pr\u00f3xima semana, os bairros Arco \u00cdris, Jamil Miguel (1\u00aa e 2\u00aa Etapa), JK Nova Capital, Jundia\u00ed e Vivian Parque recebem o &hellip;<\/p>\n","protected":false},"author":3,"featured_media":65495,"comment_status":"open","ping_status":"open","sticky":false,"template":"","format":"standard","meta":{"_exactmetrics_skip_tracking":false,"_exactmetrics_sitenote_active":false,"_exactmetrics_sitenote_note":"","_exactmetrics_sitenote_category":0,"footnotes":""},"categories":[18,346],"tags":[],"_links":{"self":[{"href":"https:\/\/goiasemtempo.com.br\/home\/wp-json\/wp\/v2\/posts\/65494"}],"collection":[{"href":"https:\/\/goiasemtempo.com.br\/home\/wp-json\/wp\/v2\/posts"}],"about":[{"href":"https:\/\/goiasemtempo.com.br\/home\/wp-json\/wp\/v2\/types\/post"}],"author":[{"embeddable":true,"href":"https:\/\/goiasemtempo.com.br\/home\/wp-json\/wp\/v2\/users\/3"}],"replies":[{"embeddable":true,"href":"https:\/\/goiasemtempo.com.br\/home\/wp-json\/wp\/v2\/comments?post=65494"}],"version-history":[{"count":1,"href":"https:\/\/goiasemtempo.com.br\/home\/wp-json\/wp\/v2\/posts\/65494\/revisions"}],"predecessor-version":[{"id":65496,"href":"https:\/\/goiasemtempo.com.br\/home\/wp-json\/wp\/v2\/posts\/65494\/revisions\/65496"}],"wp:featuredmedia":[{"embeddable":true,"href":"https:\/\/goiasemtempo.com.br\/home\/wp-json\/wp\/v2\/media\/65495"}],"wp:attachment":[{"href":"https:\/\/goiasemtempo.com.br\/home\/wp-json\/wp\/v2\/media?parent=65494"}],"wp:term":[{"taxonomy":"category","embeddable":true,"href":"https:\/\/goiasemtempo.com.br\/home\/wp-json\/wp\/v2\/categories?post=65494"},{"taxonomy":"post_tag","embeddable":true,"href":"https:\/\/goiasemtempo.com.br\/home\/wp-json\/wp\/v2\/tags?post=65494"}],"curies":[{"name":"wp","href":"https:\/\/api.w.org\/{rel}","templated":true}]}}