{"id":65421,"date":"2022-02-08T13:19:44","date_gmt":"2022-02-08T13:19:44","guid":{"rendered":"http:\/\/goiasemtempo.com.br\/home\/?p=65421"},"modified":"2022-02-08T13:19:44","modified_gmt":"2022-02-08T13:19:44","slug":"em-protesto-contra-vereadores-que-votaram-a-favor-do-iptu-grupo-coloca-faixas-em-pontos-de-goiania","status":"publish","type":"post","link":"https:\/\/goiasemtempo.com.br\/home\/em-protesto-contra-vereadores-que-votaram-a-favor-do-iptu-grupo-coloca-faixas-em-pontos-de-goiania\/","title":{"rendered":"Em protesto contra vereadores que votaram a favor do IPTU, grupo coloca faixas em pontos de Goi\u00e2nia"},"content":{"rendered":"<p>Ap\u00f3s um fim de semana de buzina\u00e7o e manifesta\u00e7\u00f5es contra o aumento do Imposto Predial Territorial Urbano (IPTU) em Goi\u00e2nia, o grupo denominado SOS Goi\u00e2nia espalhou tamb\u00e9m faixas em locais da cidade como forma de protesto contra os vereadores que votaram a favor do aumento do imposto.<\/p>\n<p>O grupo colocou as faixas nesta segunda-feira (7) em muros de condom\u00ednios de luxo da capital. Ainda segundo os membros do SOS Goi\u00e2nia, nos pr\u00f3ximos dias haver\u00e1 uma mobiliza\u00e7\u00e3o do grupo para colocar outras faixas noutros cantos da cidade.<\/p>\n<p>Nas faixas colocadas nesta segunda-feira (7), os vereadores Ronilson Reis (Podemos), Dr. Gian (MDB), Kleybe Morais (MDB), Bruno Diniz (PRTB), Marlon (Cidadania), Henrique Alves (MDB), Geverson Abel (Avante), Sargento Novandir (sem partido) e Sandes Jr receberam cr\u00edticas, chamados, por exemplo, de traidores.<\/p>\n<figure class=\"wp-block-image size-full\"><img fetchpriority=\"high\" decoding=\"async\" class=\"wp-image-118129\" src=\"https:\/\/radiobandeirantesgoiania.com.br\/wp-content\/uploads\/2022\/02\/CARTA-7.png\" sizes=\"(max-width: 620px) 100vw, 620px\" srcset=\"https:\/\/radiobandeirantesgoiania.com.br\/wp-content\/uploads\/2022\/02\/CARTA-7.png 620w, https:\/\/radiobandeirantesgoiania.com.br\/wp-content\/uploads\/2022\/02\/CARTA-7-300x169.png 300w\" alt=\"\" width=\"620\" height=\"350\" \/><figcaption>Foto: reprodu\u00e7\u00e3o\/SOS Goi\u00e2nia.<\/figcaption><\/figure>\n<p>O C\u00f3digo Tribut\u00e1rio Municipal de Goi\u00e2nia fora aprovado em setembro de 2021. Neste ano de 2022, com a chegada do boleto do IPTU nas resid\u00eancias da popula\u00e7\u00e3o, alguns moradores perceberam que houve reajuste, nalguns casos, chegando ao dobro do valor do ano anterior.<\/p>\n<p>A C\u00e2mara de Vereadores de Goi\u00e2nia vem enfrentando diversos protestos devido a esse aumento. Numa tentativa de revogar esse aumento, parlamentares de diversas legendas se reuniram na tarde da \u00faltima quinta-feira (3), no Minist\u00e9rio P\u00fablico de Goi\u00e1s (MPGO), para encontrar um mecanismo para esse objetivo.<\/p>\n","protected":false},"excerpt":{"rendered":"<p>Ap\u00f3s um fim de semana de buzina\u00e7o e manifesta\u00e7\u00f5es contra o aumento do Imposto Predial Territorial Urbano (IPTU) em Goi\u00e2nia, o grupo denominado SOS Goi\u00e2nia espalhou tamb\u00e9m faixas em locais da cidade como forma de protesto contra os vereadores que votaram a favor do aumento do imposto. O grupo colocou as faixas nesta segunda-feira (7) &hellip;<\/p>\n","protected":false},"author":3,"featured_media":65422,"comment_status":"open","ping_status":"open","sticky":false,"template":"","format":"standard","meta":{"_exactmetrics_skip_tracking":false,"_exactmetrics_sitenote_active":false,"_exactmetrics_sitenote_note":"","_exactmetrics_sitenote_category":0,"footnotes":""},"categories":[7],"tags":[],"_links":{"self":[{"href":"https:\/\/goiasemtempo.com.br\/home\/wp-json\/wp\/v2\/posts\/65421"}],"collection":[{"href":"https:\/\/goiasemtempo.com.br\/home\/wp-json\/wp\/v2\/posts"}],"about":[{"href":"https:\/\/goiasemtempo.com.br\/home\/wp-json\/wp\/v2\/types\/post"}],"author":[{"embeddable":true,"href":"https:\/\/goiasemtempo.com.br\/home\/wp-json\/wp\/v2\/users\/3"}],"replies":[{"embeddable":true,"href":"https:\/\/goiasemtempo.com.br\/home\/wp-json\/wp\/v2\/comments?post=65421"}],"version-history":[{"count":1,"href":"https:\/\/goiasemtempo.com.br\/home\/wp-json\/wp\/v2\/posts\/65421\/revisions"}],"predecessor-version":[{"id":65423,"href":"https:\/\/goiasemtempo.com.br\/home\/wp-json\/wp\/v2\/posts\/65421\/revisions\/65423"}],"wp:featuredmedia":[{"embeddable":true,"href":"https:\/\/goiasemtempo.com.br\/home\/wp-json\/wp\/v2\/media\/65422"}],"wp:attachment":[{"href":"https:\/\/goiasemtempo.com.br\/home\/wp-json\/wp\/v2\/media?parent=65421"}],"wp:term":[{"taxonomy":"category","embeddable":true,"href":"https:\/\/goiasemtempo.com.br\/home\/wp-json\/wp\/v2\/categories?post=65421"},{"taxonomy":"post_tag","embeddable":true,"href":"https:\/\/goiasemtempo.com.br\/home\/wp-json\/wp\/v2\/tags?post=65421"}],"curies":[{"name":"wp","href":"https:\/\/api.w.org\/{rel}","templated":true}]}}