{"id":65405,"date":"2022-02-07T15:31:29","date_gmt":"2022-02-07T15:31:29","guid":{"rendered":"http:\/\/goiasemtempo.com.br\/home\/?p=65405"},"modified":"2022-02-07T15:32:04","modified_gmt":"2022-02-07T15:32:04","slug":"mp-go-atua-para-esclarecer-acao-policial-que-resultou-na-morte-de-de-quatro-pessoas-em-cavalcante","status":"publish","type":"post","link":"https:\/\/goiasemtempo.com.br\/home\/mp-go-atua-para-esclarecer-acao-policial-que-resultou-na-morte-de-de-quatro-pessoas-em-cavalcante\/","title":{"rendered":"MP-GO atua para esclarecer a\u00e7\u00e3o policial que resultou na morte de quatro pessoas em Cavalcante"},"content":{"rendered":"<p>O Minist\u00e9rio P\u00fablico de Goi\u00e1s (MPGO) vai atuar em todas as frentes poss\u00edveis para garantir a apura\u00e7\u00e3o da morte de quatro homens durante a\u00e7\u00e3o policial na zona rural de Cavalcante, no dia 20 de janeiro deste ano. O compromisso foi firmado pelo procurador-geral de Justi\u00e7a de Goi\u00e1s, Aylton Fl\u00e1vio Vechi, durante reuni\u00e3o realizada na tarde desta sexta-feira (4\/2), no edif\u00edcio-sede da institui\u00e7\u00e3o, com representantes dos familiares das v\u00edtimas e entidades ligadas aos direitos humanos.<\/p>\n<p>De acordo com Aylton Fl\u00e1vio Vechi, o MPGO j\u00e1 est\u00e1 apurando o ocorrido, com a instaura\u00e7\u00e3o de Procedimento Investigat\u00f3rio Criminal (PIC) pelo N\u00facleo de Controle Externo da Atividade Policial (NCAP). Ele afirmou ainda que, al\u00e9m da responsabiliza\u00e7\u00e3o criminal, a institui\u00e7\u00e3o trabalha para tra\u00e7ar um caminho pedag\u00f3gico no contexto policial, em conjunto com o Poder Executivo, por interm\u00e9dio da Secretaria de Seguran\u00e7a P\u00fablica e Comando-Geral da Pol\u00edcia Militar.<\/p>\n<p>O procurador-geral explicou que o MPGO vem se empenhando para construir um ambiente em que a dignidade humana e a vida sejam preservadas, para que o cidad\u00e3o se sinta seguro e protegido pelas for\u00e7as policiais.<\/p>\n<p>A subprocuradora-geral de Justi\u00e7a para Assuntos Institucionais, Laura Maria Ferreira Bueno, afirmou que o MPGO busca vias efetivas para realizar a investiga\u00e7\u00e3o sobre as mortes. Segundo ela, a ajuda da comunidade e das testemunhas ser\u00e1 fundamental para a apura\u00e7\u00e3o.<\/p>\n<p>Coordenador da \u00c1rea Criminal do Centro de Apoio Operacional do MPGO e do NCAP, Felipe Oltramari reiterou a exist\u00eancia de um procedimento investigativo pr\u00f3prio, bem como afirmou que a institui\u00e7\u00e3o tamb\u00e9m est\u00e1 acompanhando as investiga\u00e7\u00f5es a cargo da Pol\u00edcia Civil. Por fim, esclareceu aos representantes das entidades de defesa dos direitos humanos as iniciativas da institui\u00e7\u00e3o relacionadas a outros casos recentes envolvendo a\u00e7\u00f5es da Pol\u00edcia Militar.<\/p>\n<p>Participaram da reuni\u00e3o Maria Donizete de Fran\u00e7a, irm\u00e3 de uma das v\u00edtimas; os advogados Lu\u00eds Gustavo Delgado Barros e Osman Rodrigues Sales J\u00fanior; Cl\u00e1udia Nunes de Almeida; \u00c2ngela Cristina dos Santos; Eduardo de Carvalho Mota; Murilo Aleix;&#8217; Fabr\u00edcio Rosa, do coletivo #Justi\u00e7anaChapada; e o vereador de Goi\u00e2nia Mauro Rubem.<\/p>\n<p><em>(Texto: Jo\u00e3o Carlos de Faria \/ Fotos: Jo\u00e3o S\u00e9rgio de Ara\u00fajo &#8211; Assessoria de Comunica\u00e7\u00e3o Social do MPGO)<\/em><\/p>\n","protected":false},"excerpt":{"rendered":"<p>O Minist\u00e9rio P\u00fablico de Goi\u00e1s (MPGO) vai atuar em todas as frentes poss\u00edveis para garantir a apura\u00e7\u00e3o da morte de quatro homens durante a\u00e7\u00e3o policial na zona rural de Cavalcante, no dia 20 de janeiro deste ano. O compromisso foi firmado pelo procurador-geral de Justi\u00e7a de Goi\u00e1s, Aylton Fl\u00e1vio Vechi, durante reuni\u00e3o realizada na tarde &hellip;<\/p>\n","protected":false},"author":3,"featured_media":65406,"comment_status":"open","ping_status":"open","sticky":false,"template":"","format":"standard","meta":{"footnotes":""},"categories":[26,4],"tags":[],"class_list":["post-65405","post","type-post","status-publish","format-standard","has-post-thumbnail","hentry","category-justica","category-ultimas-noticias"],"_links":{"self":[{"href":"https:\/\/goiasemtempo.com.br\/home\/wp-json\/wp\/v2\/posts\/65405","targetHints":{"allow":["GET"]}}],"collection":[{"href":"https:\/\/goiasemtempo.com.br\/home\/wp-json\/wp\/v2\/posts"}],"about":[{"href":"https:\/\/goiasemtempo.com.br\/home\/wp-json\/wp\/v2\/types\/post"}],"author":[{"embeddable":true,"href":"https:\/\/goiasemtempo.com.br\/home\/wp-json\/wp\/v2\/users\/3"}],"replies":[{"embeddable":true,"href":"https:\/\/goiasemtempo.com.br\/home\/wp-json\/wp\/v2\/comments?post=65405"}],"version-history":[{"count":2,"href":"https:\/\/goiasemtempo.com.br\/home\/wp-json\/wp\/v2\/posts\/65405\/revisions"}],"predecessor-version":[{"id":65408,"href":"https:\/\/goiasemtempo.com.br\/home\/wp-json\/wp\/v2\/posts\/65405\/revisions\/65408"}],"wp:featuredmedia":[{"embeddable":true,"href":"https:\/\/goiasemtempo.com.br\/home\/wp-json\/wp\/v2\/media\/65406"}],"wp:attachment":[{"href":"https:\/\/goiasemtempo.com.br\/home\/wp-json\/wp\/v2\/media?parent=65405"}],"wp:term":[{"taxonomy":"category","embeddable":true,"href":"https:\/\/goiasemtempo.com.br\/home\/wp-json\/wp\/v2\/categories?post=65405"},{"taxonomy":"post_tag","embeddable":true,"href":"https:\/\/goiasemtempo.com.br\/home\/wp-json\/wp\/v2\/tags?post=65405"}],"curies":[{"name":"wp","href":"https:\/\/api.w.org\/{rel}","templated":true}]}}