{"id":65385,"date":"2022-02-07T14:17:46","date_gmt":"2022-02-07T14:17:46","guid":{"rendered":"http:\/\/goiasemtempo.com.br\/home\/?p=65385"},"modified":"2022-02-07T14:17:46","modified_gmt":"2022-02-07T14:17:46","slug":"parceria-entre-governo-e-associacao-da-regiao-da-44-pretende-fomentar-o-setor-em-30-municipios","status":"publish","type":"post","link":"https:\/\/goiasemtempo.com.br\/home\/parceria-entre-governo-e-associacao-da-regiao-da-44-pretende-fomentar-o-setor-em-30-municipios\/","title":{"rendered":"Parceria entre governo e Associa\u00e7\u00e3o da Regi\u00e3o da 44 pretende fomentar o setor em 30 munic\u00edpios"},"content":{"rendered":"<p>A Associa\u00e7\u00e3o Empresarial da Regi\u00e3o da 44 (AER44), em parceria com o Governo de Goi\u00e1s, lan\u00e7am nesta quarta-feira (9), o programa Cintur\u00e3o da Moda. O objetivo \u00e9 impulsionar o setor da moda em 30 munic\u00edpios de pequeno porte no estado. De acordo com a AER44, ao longo dos \u00faltimos dois anos, houve uma s\u00e9rie de encontros e audi\u00eancias com prefeitos e vereadores de v\u00e1rias cidades goianas, no sentido de buscar \u00e1reas e condi\u00e7\u00f5es para implanta\u00e7\u00e3o de novos polos de confec\u00e7\u00e3o.<\/p>\n<p>\u201cA nossa regi\u00e3o [da 44] j\u00e1 fomenta de forma espont\u00e2nea a ind\u00fastria da moda em outros 21 munic\u00edpios. Com esse projeto, a ideia \u00e9 profissionalizar e capacitar os polos que j\u00e1 existem e criar outros novos\u201d, explica Jairo Gomes, presidente de honra da AER44. Segundo levantamento realizado pela associa\u00e7\u00e3o, somente a Regi\u00e3o da 44 emprega regulamente cerca de 160 mil pessoas direta e indiretamente.<\/p>\n<p>Dados da Associa\u00e7\u00e3o Brasileira da Ind\u00fastria T\u00eaxtil e de Confec\u00e7\u00e3o (Abit), em parceria com o Instituto de Estudos e Marketing Industrial (IMEI), revelam que s\u00f3 no ano de 2019, os setores t\u00eaxtil e de confec\u00e7\u00e3o movimentaram no Brasil R$ 187 bilh\u00f5es. Destes, R$ 8,9 bi s\u00f3 em Goi\u00e1s, o que representa 4,8% de todo o faturamento nacional desses dois segmentos. O projeto foi desenvolvido pela Secretaria de Ind\u00fastria, Com\u00e9rcio e Servi\u00e7os (SIC).<\/p>\n<p>Ainda conforme os n\u00fameros da Abit, no ano passado, a ind\u00fastria de confec\u00e7\u00e3o gerou um saldo positivo de 4.480 postos de trabalho em todo o estado de Goi\u00e1s. \u201cApesar da elabora\u00e7\u00e3o pela SIC, com apoio da AER44, o programa Cintur\u00e3o da Moda n\u00e3o tem dono e pertence a toda a cadeia produtiva da moda em Goi\u00e1s. Nesse sentido, n\u00e3o s\u00f3 n\u00f3s aqui da 44, mas as ind\u00fastrias de confec\u00e7\u00e3o, os prefeitos do interior, o governo do Estado, todos s\u00e3o aliados nessa empreitada\u201d, destaca Crhystiano.<\/p>\n<h3 id=\"h-servi-o\"><strong>Servi\u00e7o:<\/strong><\/h3>\n<p>Assunto: lan\u00e7amento do programa Cintur\u00e3o da Moda<\/p>\n<p>Data: 9 de fevereiro<\/p>\n<p>Hora: 9h30<\/p>\n<p>Local: Estacionamento (terceiro piso) do Mega Moda Shopping<\/p>\n","protected":false},"excerpt":{"rendered":"<p>A Associa\u00e7\u00e3o Empresarial da Regi\u00e3o da 44 (AER44), em parceria com o Governo de Goi\u00e1s, lan\u00e7am nesta quarta-feira (9), o programa Cintur\u00e3o da Moda. O objetivo \u00e9 impulsionar o setor da moda em 30 munic\u00edpios de pequeno porte no estado. De acordo com a AER44, ao longo dos \u00faltimos dois anos, houve uma s\u00e9rie de &hellip;<\/p>\n","protected":false},"author":3,"featured_media":65386,"comment_status":"open","ping_status":"open","sticky":false,"template":"","format":"standard","meta":{"_exactmetrics_skip_tracking":false,"_exactmetrics_sitenote_active":false,"_exactmetrics_sitenote_note":"","_exactmetrics_sitenote_category":0,"footnotes":""},"categories":[7],"tags":[],"_links":{"self":[{"href":"https:\/\/goiasemtempo.com.br\/home\/wp-json\/wp\/v2\/posts\/65385"}],"collection":[{"href":"https:\/\/goiasemtempo.com.br\/home\/wp-json\/wp\/v2\/posts"}],"about":[{"href":"https:\/\/goiasemtempo.com.br\/home\/wp-json\/wp\/v2\/types\/post"}],"author":[{"embeddable":true,"href":"https:\/\/goiasemtempo.com.br\/home\/wp-json\/wp\/v2\/users\/3"}],"replies":[{"embeddable":true,"href":"https:\/\/goiasemtempo.com.br\/home\/wp-json\/wp\/v2\/comments?post=65385"}],"version-history":[{"count":1,"href":"https:\/\/goiasemtempo.com.br\/home\/wp-json\/wp\/v2\/posts\/65385\/revisions"}],"predecessor-version":[{"id":65387,"href":"https:\/\/goiasemtempo.com.br\/home\/wp-json\/wp\/v2\/posts\/65385\/revisions\/65387"}],"wp:featuredmedia":[{"embeddable":true,"href":"https:\/\/goiasemtempo.com.br\/home\/wp-json\/wp\/v2\/media\/65386"}],"wp:attachment":[{"href":"https:\/\/goiasemtempo.com.br\/home\/wp-json\/wp\/v2\/media?parent=65385"}],"wp:term":[{"taxonomy":"category","embeddable":true,"href":"https:\/\/goiasemtempo.com.br\/home\/wp-json\/wp\/v2\/categories?post=65385"},{"taxonomy":"post_tag","embeddable":true,"href":"https:\/\/goiasemtempo.com.br\/home\/wp-json\/wp\/v2\/tags?post=65385"}],"curies":[{"name":"wp","href":"https:\/\/api.w.org\/{rel}","templated":true}]}}