{"id":65252,"date":"2022-02-02T13:45:27","date_gmt":"2022-02-02T13:45:27","guid":{"rendered":"http:\/\/goiasemtempo.com.br\/home\/?p=65252"},"modified":"2022-02-02T13:45:27","modified_gmt":"2022-02-02T13:45:27","slug":"prefeitura-intensifica-combate-a-dengue-em-anapolis-mas-populacao-precisa-ajudar","status":"publish","type":"post","link":"https:\/\/goiasemtempo.com.br\/home\/prefeitura-intensifica-combate-a-dengue-em-anapolis-mas-populacao-precisa-ajudar\/","title":{"rendered":"Prefeitura intensifica combate a dengue em An\u00e1polis, mas popula\u00e7\u00e3o precisa ajudar"},"content":{"rendered":"<p>Per\u00edodo de chuva e muito calor \u00e9 sin\u00f4nimo de prolifera\u00e7\u00e3o do Aedes aegypti, mais conhecido como mosquito da dengue. Nesse ano, o principal alvo dos 186 agentes epidemiol\u00f3gicos \u00e9 o interior dos im\u00f3veis, especificamente nos quintais, isso porque, de acordo com a gerente epidemiol\u00f3gica do controle de endemias, Patr\u00edcia God\u00f3i, \u00e9 um ano epid\u00eamico da doen\u00e7a e 90% dos criadouros est\u00e3o sendo encontrados nos domic\u00edlios. \u201cA cada dois anos temos um pico crescente no n\u00famero de casos, n\u00e3o s\u00f3 aqui em An\u00e1polis, como em todo o Brasil, ent\u00e3o precisamos que a popula\u00e7\u00e3o realmente fique atenta.\u201d<\/p>\n<p>Segundo ela, se for encontrada alguma irregularidade nos locais visitados, pode-se resolver o problema de imediato ou, do contr\u00e1rio, \u00e9 dado um prazo para o morador fazer a corre\u00e7\u00e3o. \u201cDepois desse tempo, voltamos para ver se o propriet\u00e1rio tomou alguma provid\u00eancia e, caso n\u00e3o tenha resolvido, encaminhamos essas notifica\u00e7\u00f5es para os \u00f3rg\u00e3os competentes, ou seja, \u00e0 postura ou vigil\u00e2ncia sanit\u00e1ria, para autua\u00e7\u00e3o\u201d, explica a gerente. As vistorias tamb\u00e9m s\u00e3o realizadas em locais como lotes baldios, casas abandonadas e casas de imobili\u00e1ria.<\/p>\n<p>Os agentes realizam as visitas principalmente nos bairros onde h\u00e1 maior incid\u00eancia de casos da doen\u00e7a. \u201cNossos supervisores v\u00e3o \u00e0s unidades de sa\u00fade e recolhem as fichas de pacientes em que o m\u00e9dico identificou sintomas da dengue. A partir da\u00ed, fazemos um cronograma toda semana baseado nessas informa\u00e7\u00f5es e mapeamos onde ser\u00e1 feito o trabalho\u201d, diz Patr\u00edcia God\u00f3i.<\/p>\n<p>Todos os agentes de endemia est\u00e3o devidamente uniformizados e tomando todos os cuidados necess\u00e1rios por causa da Covid-19, usando m\u00e1scara, respeitando o distanciamento social e portando \u00e1lcool em gel. \u201cPassamos essa tranquilidade para o morador para que possamos fazer a vistoria no quintal e repassarmos todas as orienta\u00e7\u00f5es necess\u00e1rias.\u201d<\/p>\n<p>A agente de endemias Ana Maria Filho Coelho disse que a receptividade dos moradores est\u00e1 sendo muito boa. \u201cBatemos na porta pedindo \u00e0 pessoa se podemos entrar em sua casa e se ele pode acompanhar a realiza\u00e7\u00e3o do nosso trabalho. S\u00e3o poucos os que negam nossa entrada\u201d, afirma. A aposentada Renilda Maria de Deus, 56 anos, que apesar de ter poucos vasos de plantas, acha importante o servi\u00e7o realizado. \u201cEu os recebo muito bem e sempre olho se tem \u00e1gua parada nos vasos das minhas plantinhas\u201d, completa.<\/p>\n<p>\u201cA mensagem que eu tento passar \u00e9 que a popula\u00e7\u00e3o entenda que se ela n\u00e3o fizer a sua parte, o poder p\u00fablico n\u00e3o consegue sozinho. O poder p\u00fablico pode at\u00e9 convocar um batalh\u00e3o de gente para eliminar focos, mas se a popula\u00e7\u00e3o n\u00e3o tiver consci\u00eancia, os casos de dengue n\u00e3o v\u00e3o diminuir.\u201d Segundo ela, todos devem verificar suas calhas, caixas d\u00b4\u00e1gua e tudo que acumule \u00e1gua. \u201cSe tem \u00e1gua parada de forma incorreta, seja limpa ou suja, o mosquito com certeza vai se proliferar\u201d, diz Patr\u00edcia.<\/p>\n<p>A gerente explicou que n\u00e3o existe mais no estado aquele carro fumac\u00ea por causa de sua inefic\u00e1cia. Era um trabalho feito nas ruas, enquanto o problema est\u00e1 dentro das resid\u00eancias. \u201cAntigamente, n\u00e3o existiam muros, e o mosquito s\u00f3 morre em contato direto com o veneno, ou seja, com a nebuliza\u00e7\u00e3o. N\u00f3s temos agora as bombas costais, que \u00e9 utilizada quando s\u00e3o notificados os focos\u201d, conclui.<\/p>\n","protected":false},"excerpt":{"rendered":"<p>Per\u00edodo de chuva e muito calor \u00e9 sin\u00f4nimo de prolifera\u00e7\u00e3o do Aedes aegypti, mais conhecido como mosquito da dengue. Nesse ano, o principal alvo dos 186 agentes epidemiol\u00f3gicos \u00e9 o interior dos im\u00f3veis, especificamente nos quintais, isso porque, de acordo com a gerente epidemiol\u00f3gica do controle de endemias, Patr\u00edcia God\u00f3i, \u00e9 um ano epid\u00eamico da &hellip;<\/p>\n","protected":false},"author":3,"featured_media":65253,"comment_status":"open","ping_status":"open","sticky":false,"template":"","format":"standard","meta":{"_exactmetrics_skip_tracking":false,"_exactmetrics_sitenote_active":false,"_exactmetrics_sitenote_note":"","_exactmetrics_sitenote_category":0,"footnotes":""},"categories":[18,19,16],"tags":[],"_links":{"self":[{"href":"https:\/\/goiasemtempo.com.br\/home\/wp-json\/wp\/v2\/posts\/65252"}],"collection":[{"href":"https:\/\/goiasemtempo.com.br\/home\/wp-json\/wp\/v2\/posts"}],"about":[{"href":"https:\/\/goiasemtempo.com.br\/home\/wp-json\/wp\/v2\/types\/post"}],"author":[{"embeddable":true,"href":"https:\/\/goiasemtempo.com.br\/home\/wp-json\/wp\/v2\/users\/3"}],"replies":[{"embeddable":true,"href":"https:\/\/goiasemtempo.com.br\/home\/wp-json\/wp\/v2\/comments?post=65252"}],"version-history":[{"count":1,"href":"https:\/\/goiasemtempo.com.br\/home\/wp-json\/wp\/v2\/posts\/65252\/revisions"}],"predecessor-version":[{"id":65254,"href":"https:\/\/goiasemtempo.com.br\/home\/wp-json\/wp\/v2\/posts\/65252\/revisions\/65254"}],"wp:featuredmedia":[{"embeddable":true,"href":"https:\/\/goiasemtempo.com.br\/home\/wp-json\/wp\/v2\/media\/65253"}],"wp:attachment":[{"href":"https:\/\/goiasemtempo.com.br\/home\/wp-json\/wp\/v2\/media?parent=65252"}],"wp:term":[{"taxonomy":"category","embeddable":true,"href":"https:\/\/goiasemtempo.com.br\/home\/wp-json\/wp\/v2\/categories?post=65252"},{"taxonomy":"post_tag","embeddable":true,"href":"https:\/\/goiasemtempo.com.br\/home\/wp-json\/wp\/v2\/tags?post=65252"}],"curies":[{"name":"wp","href":"https:\/\/api.w.org\/{rel}","templated":true}]}}