{"id":65140,"date":"2022-01-30T14:21:04","date_gmt":"2022-01-30T14:21:04","guid":{"rendered":"http:\/\/goiasemtempo.com.br\/home\/?p=65140"},"modified":"2022-01-30T14:21:29","modified_gmt":"2022-01-30T14:21:29","slug":"heliponto-do-centro-cultura-oscar-niemeyer-nao-tem-autorizacao-da-anac-diz-presidente-da-goias-turismo","status":"publish","type":"post","link":"https:\/\/goiasemtempo.com.br\/home\/heliponto-do-centro-cultura-oscar-niemeyer-nao-tem-autorizacao-da-anac-diz-presidente-da-goias-turismo\/","title":{"rendered":"\u201cHeliponto do Centro Cultural Oscar Niemeyer n\u00e3o tem autoriza\u00e7\u00e3o da Anac\u201d, diz presidente da Goi\u00e1s Turismo"},"content":{"rendered":"<p>O presidente da Goi\u00e1s Turismo, Fabr\u00edcio Amaral, apoiou a decis\u00e3o do prefeito de Goi\u00e2nia, Rog\u00e9rio Cruz (Republicanos), em desativar o heliponto localizado no Pa\u00e7o Municipal. O local, onde um helic\u00f3ptero fez um pouso for\u00e7ado nesta semana, n\u00e3o tinha autoriza\u00e7\u00e3o para funcionamento.<\/p>\n<p>Amaral aproveitou a quest\u00e3o para denunciar que o heliponto localizado no Centro Cultural Oscar Niemeyer tamb\u00e9m n\u00e3o possui homologa\u00e7\u00e3o da Ag\u00eancia Nacional de Avia\u00e7\u00e3o Civil (Anac) para funcionar. \u201cO local n\u00e3o \u00e9 seguro por ter um adensamento muito grande de pessoas e ve\u00edculos, o que poderia causar uma trag\u00e9dia\u201d, escreveu em suas redes sociais.<\/p>\n<p>Em v\u00eddeo, o presidente da Goi\u00e1s Turismo alerta, ainda, que pilotos que pousam no ponto sem autoriza\u00e7\u00e3o legal podem perder as suas respectivas licen\u00e7as.<\/p>\n<p><iframe id=\"instagram-embed-0\" class=\"instagram-media instagram-media-rendered\" src=\"https:\/\/www.instagram.com\/tv\/CZUbhj2h9II\/embed\/captioned\/?cr=1&amp;v=14&amp;wp=405&amp;rd=https%3A%2F%2Fradiobandeirantesgoiania.com.br&amp;rp=%2Fheliponto-do-centro-cultura-oscar-niemeyer-nao-tem-autorizacao-da-anac-diz-presidente-da-goias-turismo%2F#%7B%22ci%22%3A0%2C%22os%22%3A2820.899999976158%2C%22ls%22%3A2496%2C%22le%22%3A2558.099999964237%7D\" height=\"1280\" frameborder=\"0\" scrolling=\"no\" allowfullscreen=\"allowfullscreen\" data-instgrm-payload-id=\"instagram-media-payload-0\" data-mce-fragment=\"1\"><\/iframe><\/p>\n<p><strong>Heliponto desativado<\/strong><\/p>\n<p>Na \u00faltima sexta-feira (28), o prefeito Rog\u00e9rio Cruz inativou o espa\u00e7o caracter\u00edstico a local de pouso, no jardim do Pa\u00e7o Municipal, por este n\u00e3o ser homologado junto \u00e0 Ag\u00eancia Nacional de Avia\u00e7\u00e3o Civil (ANAC) como heliponto e, ainda, para coibir o uso irregular da \u00e1rea. O local n\u00e3o era utilizado pela administra\u00e7\u00e3o, que n\u00e3o disp\u00f5e de aeronaves.<\/p>\n<p>Em nota, a administra\u00e7\u00e3o informou que a decis\u00e3o foi tomada para resguardar a seguran\u00e7a do pr\u00e9dio e dos servidores, visto que a equipe de vigil\u00e2ncia do Pa\u00e7o Municipal percebeu aumento de pousos e decolagens, que poderiam envolver o transporte sem controle de passageiros e cargas.<\/p>\n<p>A medida ocorreu no mesmo dia que um helic\u00f3ptero teve dificuldades na decolagem no heliponto e precisou fazer um pouso for\u00e7ado h\u00e1 poucos metros do local. A prefeitura comunicou que a aeronave n\u00e3o tinha como origem nem destino o Pa\u00e7o Municipal, e disse que desconhece a natureza do voo, seus ocupantes e respons\u00e1veis.<\/p>\n<p>De acordo com a legisla\u00e7\u00e3o vigente, para efetuar opera\u00e7\u00e3o de pouso ocasional com helic\u00f3ptero, em local n\u00e3o homologado, \u00e9 necess\u00e1rio autoriza\u00e7\u00e3o formal do respons\u00e1vel pelo local. A atual gest\u00e3o afirma que n\u00e3o emitiu nenhuma autoriza\u00e7\u00e3o neste sentido.<\/p>\n","protected":false},"excerpt":{"rendered":"<p>O presidente da Goi\u00e1s Turismo, Fabr\u00edcio Amaral, apoiou a decis\u00e3o do prefeito de Goi\u00e2nia, Rog\u00e9rio Cruz (Republicanos), em desativar o heliponto localizado no Pa\u00e7o Municipal. O local, onde um helic\u00f3ptero fez um pouso for\u00e7ado nesta semana, n\u00e3o tinha autoriza\u00e7\u00e3o para funcionamento. Amaral aproveitou a quest\u00e3o para denunciar que o heliponto localizado no Centro Cultural Oscar &hellip;<\/p>\n","protected":false},"author":3,"featured_media":65141,"comment_status":"open","ping_status":"open","sticky":false,"template":"","format":"standard","meta":{"_exactmetrics_skip_tracking":false,"_exactmetrics_sitenote_active":false,"_exactmetrics_sitenote_note":"","_exactmetrics_sitenote_category":0,"footnotes":""},"categories":[15,19],"tags":[],"_links":{"self":[{"href":"https:\/\/goiasemtempo.com.br\/home\/wp-json\/wp\/v2\/posts\/65140"}],"collection":[{"href":"https:\/\/goiasemtempo.com.br\/home\/wp-json\/wp\/v2\/posts"}],"about":[{"href":"https:\/\/goiasemtempo.com.br\/home\/wp-json\/wp\/v2\/types\/post"}],"author":[{"embeddable":true,"href":"https:\/\/goiasemtempo.com.br\/home\/wp-json\/wp\/v2\/users\/3"}],"replies":[{"embeddable":true,"href":"https:\/\/goiasemtempo.com.br\/home\/wp-json\/wp\/v2\/comments?post=65140"}],"version-history":[{"count":2,"href":"https:\/\/goiasemtempo.com.br\/home\/wp-json\/wp\/v2\/posts\/65140\/revisions"}],"predecessor-version":[{"id":65143,"href":"https:\/\/goiasemtempo.com.br\/home\/wp-json\/wp\/v2\/posts\/65140\/revisions\/65143"}],"wp:featuredmedia":[{"embeddable":true,"href":"https:\/\/goiasemtempo.com.br\/home\/wp-json\/wp\/v2\/media\/65141"}],"wp:attachment":[{"href":"https:\/\/goiasemtempo.com.br\/home\/wp-json\/wp\/v2\/media?parent=65140"}],"wp:term":[{"taxonomy":"category","embeddable":true,"href":"https:\/\/goiasemtempo.com.br\/home\/wp-json\/wp\/v2\/categories?post=65140"},{"taxonomy":"post_tag","embeddable":true,"href":"https:\/\/goiasemtempo.com.br\/home\/wp-json\/wp\/v2\/tags?post=65140"}],"curies":[{"name":"wp","href":"https:\/\/api.w.org\/{rel}","templated":true}]}}