{"id":65094,"date":"2022-01-28T14:58:18","date_gmt":"2022-01-28T14:58:18","guid":{"rendered":"http:\/\/goiasemtempo.com.br\/home\/?p=65094"},"modified":"2022-01-28T14:58:18","modified_gmt":"2022-01-28T14:58:18","slug":"feira-hippie-tera-alteracao-em-area-de-montagem-de-bancas-informa-prefeitura-de-goiania","status":"publish","type":"post","link":"https:\/\/goiasemtempo.com.br\/home\/feira-hippie-tera-alteracao-em-area-de-montagem-de-bancas-informa-prefeitura-de-goiania\/","title":{"rendered":"Feira Hippie ter\u00e1 altera\u00e7\u00e3o em \u00e1rea de montagem de bancas, informa prefeitura de Goi\u00e2nia"},"content":{"rendered":"<p>A Prefeitura de Goi\u00e2nia iniciou nesta quinta-feira (27) uma opera\u00e7\u00e3o para alterar a \u00e1rea de montagem de bancas da Feira Hippie, no trecho que compreende a Avenida Goi\u00e1s e a Avenida Leste-Oeste.<\/p>\n<p>A finalidade com esse remanejamento \u00e9 desobstruir o acesso ao Terminal Rodovi\u00e1rio, na regi\u00e3o Central da capital. Envolvidas neste trabalho est\u00e3o s Secretaria de Desenvolvimento e Economia Criativa, Guarda Civil Metropolitana de Goi\u00e2nia, Planejamento Urbano e Mobilidade.<\/p>\n<p>Secret\u00e1rio de Desenvolvimento e Economia Criativa, Michel Magul explica como ser\u00e1 os trabalhos dos feirantes neste novo local.<\/p>\n<p>\u201cA ocupa\u00e7\u00e3o desse trecho das avenidas\u00a0tem gerado muitos transtornos tanto para os \u00f4nibus que precisam entrar e sair da Rodovi\u00e1ria, quanto para quem trafega nas vias, que tem o retorno bloqueado e precisa se arriscar em acessos improvisados\u201d, disse.<\/p>\n<p>Com essas a\u00e7\u00f5es, pontua Magul, cerca de\u00a0150\u00a0bancas ser\u00e3o realocadas e haver\u00e1 mais comodidade e seguran\u00e7a aos feirantes e clientes.<\/p>\n<p>\u201cA opera\u00e7\u00e3o visa assegurar a libera\u00e7\u00e3o do espa\u00e7o que est\u00e1 sendo destinado \u00e0 montagem das barracas, que tem boas condi\u00e7\u00f5es de receber os feirantes, e o tr\u00e1fego nas avenidas Goi\u00e1s e Leste-Oeste, fundamentais para a mobilidade da cidade \u201d, destaca.<\/p>\n<p>O secret\u00e1rio ainda explica que de acordo com a portaria 02\/2022, que estabelece as regras para a realiza\u00e7\u00e3o da Feira Hippie, a montagem de bancas deve ter in\u00edcio \u00e0 meia-noite de sexta e o funcionamento est\u00e1 autorizado a partir das 6h.<\/p>\n<p>\u201cN\u00f3s j\u00e1 comunicamos a Associa\u00e7\u00e3o de Feirantes e nossas equipes estar\u00e3o no local antes da montagem das bancas para orientar os trabalhadores e coordenar a mudan\u00e7a\u201d, acrescentou Magul.<\/p>\n","protected":false},"excerpt":{"rendered":"<p>A Prefeitura de Goi\u00e2nia iniciou nesta quinta-feira (27) uma opera\u00e7\u00e3o para alterar a \u00e1rea de montagem de bancas da Feira Hippie, no trecho que compreende a Avenida Goi\u00e1s e a Avenida Leste-Oeste. A finalidade com esse remanejamento \u00e9 desobstruir o acesso ao Terminal Rodovi\u00e1rio, na regi\u00e3o Central da capital. Envolvidas neste trabalho est\u00e3o s Secretaria &hellip;<\/p>\n","protected":false},"author":3,"featured_media":65095,"comment_status":"open","ping_status":"open","sticky":false,"template":"","format":"standard","meta":{"_exactmetrics_skip_tracking":false,"_exactmetrics_sitenote_active":false,"_exactmetrics_sitenote_note":"","_exactmetrics_sitenote_category":0,"footnotes":""},"categories":[7],"tags":[],"_links":{"self":[{"href":"https:\/\/goiasemtempo.com.br\/home\/wp-json\/wp\/v2\/posts\/65094"}],"collection":[{"href":"https:\/\/goiasemtempo.com.br\/home\/wp-json\/wp\/v2\/posts"}],"about":[{"href":"https:\/\/goiasemtempo.com.br\/home\/wp-json\/wp\/v2\/types\/post"}],"author":[{"embeddable":true,"href":"https:\/\/goiasemtempo.com.br\/home\/wp-json\/wp\/v2\/users\/3"}],"replies":[{"embeddable":true,"href":"https:\/\/goiasemtempo.com.br\/home\/wp-json\/wp\/v2\/comments?post=65094"}],"version-history":[{"count":1,"href":"https:\/\/goiasemtempo.com.br\/home\/wp-json\/wp\/v2\/posts\/65094\/revisions"}],"predecessor-version":[{"id":65096,"href":"https:\/\/goiasemtempo.com.br\/home\/wp-json\/wp\/v2\/posts\/65094\/revisions\/65096"}],"wp:featuredmedia":[{"embeddable":true,"href":"https:\/\/goiasemtempo.com.br\/home\/wp-json\/wp\/v2\/media\/65095"}],"wp:attachment":[{"href":"https:\/\/goiasemtempo.com.br\/home\/wp-json\/wp\/v2\/media?parent=65094"}],"wp:term":[{"taxonomy":"category","embeddable":true,"href":"https:\/\/goiasemtempo.com.br\/home\/wp-json\/wp\/v2\/categories?post=65094"},{"taxonomy":"post_tag","embeddable":true,"href":"https:\/\/goiasemtempo.com.br\/home\/wp-json\/wp\/v2\/tags?post=65094"}],"curies":[{"name":"wp","href":"https:\/\/api.w.org\/{rel}","templated":true}]}}