{"id":65039,"date":"2022-01-25T21:33:47","date_gmt":"2022-01-25T21:33:47","guid":{"rendered":"http:\/\/goiasemtempo.com.br\/home\/?p=65039"},"modified":"2022-01-25T21:33:47","modified_gmt":"2022-01-25T21:33:47","slug":"primeira-parcela-do-ipva-placa-final-1-vence-nesta-quinta-27-veja-calendario","status":"publish","type":"post","link":"https:\/\/goiasemtempo.com.br\/home\/primeira-parcela-do-ipva-placa-final-1-vence-nesta-quinta-27-veja-calendario\/","title":{"rendered":"Primeira parcela do IPVA placa final 1 vence nesta quinta (27); veja calend\u00e1rio"},"content":{"rendered":"<p>A primeira parcela do Imposto sobre Propriedade de Ve\u00edculos Automotores (IPVA) com placa final 1 vence nesta quinta-feira (27). O prazo \u00e9 para aqueles contribuintes que optarem pelo parcelamento. J\u00e1 os donos de carros com placa final 1 que preferirem quitar o tributo \u00e0 vista podem pagar at\u00e9 o dia 30 de mar\u00e7o.<\/p>\n<div class=\"g g-1\">\n<div class=\"g-dyn a-30 c-1\">\n<div><strong>Confira o calend\u00e1rio do IPVA completo:<\/strong><\/div>\n<\/div>\n<\/div>\n<figure class=\"wp-block-image size-large\"><img fetchpriority=\"high\" decoding=\"async\" class=\"wp-image-285395\" src=\"https:\/\/sagresonline.com.br\/wp-content\/uploads\/2021\/12\/266c22a4-1167-43fa-8a89-7adcbca2df31-1024x1024.jpg\" sizes=\"(max-width: 1024px) 100vw, 1024px\" srcset=\"https:\/\/sagresonline.com.br\/wp-content\/uploads\/2021\/12\/266c22a4-1167-43fa-8a89-7adcbca2df31-1024x1024.jpg 1024w, https:\/\/sagresonline.com.br\/wp-content\/uploads\/2021\/12\/266c22a4-1167-43fa-8a89-7adcbca2df31-300x300.jpg 300w, https:\/\/sagresonline.com.br\/wp-content\/uploads\/2021\/12\/266c22a4-1167-43fa-8a89-7adcbca2df31-150x150.jpg 150w, https:\/\/sagresonline.com.br\/wp-content\/uploads\/2021\/12\/266c22a4-1167-43fa-8a89-7adcbca2df31-768x768.jpg 768w, https:\/\/sagresonline.com.br\/wp-content\/uploads\/2021\/12\/266c22a4-1167-43fa-8a89-7adcbca2df31-696x696.jpg 696w, https:\/\/sagresonline.com.br\/wp-content\/uploads\/2021\/12\/266c22a4-1167-43fa-8a89-7adcbca2df31-1068x1068.jpg 1068w, https:\/\/sagresonline.com.br\/wp-content\/uploads\/2021\/12\/266c22a4-1167-43fa-8a89-7adcbca2df31.jpg 1080w\" alt=\"\" width=\"1024\" height=\"1024\" \/><\/figure>\n<p>O imposto n\u00e3o ter\u00e1 aumento de al\u00edquota em 2022. O \u00faltimo reajuste ocorreu h\u00e1 seis anos, em 2015. Confira quais s\u00e3o as al\u00edquotas abaixo:<\/p>\n<p>\u2013 1,25% para \u00f4nibus, micro-\u00f4nibus, caminh\u00e3o, ve\u00edculos a\u00e9reos e aqu\u00e1ticos utilizados no transporte coletivo de passageiros e de carga;<\/p>\n<div class=\"g g-2\">\n<div class=\"g-dyn a-32 c-1\">\n<div>\u2013 3% para motocicleta, ciclomotor, triciclo, motoneta e autom\u00f3vel de passeio com pot\u00eancia at\u00e9 100 cv (cavalos);<\/div>\n<\/div>\n<\/div>\n<p>\u2013 3,45% para os ve\u00edculos utilit\u00e1rios;<\/p>\n<p>\u2013 3,75% para ve\u00edculo terrestre de passeio, ve\u00edculo a\u00e9reo e aqu\u00e1tico e demais ve\u00edculos n\u00e3o especificados.<\/p>\n<div class=\"g g-18\">\n<div class=\"g-dyn a-32 c-1\">Al\u00e9m disso, o Estado isenta o IPVA de ve\u00edculos a partir de 15 anos de uso e concede isen\u00e7\u00e3o para PCD (Pessoas com Defici\u00eancia), \u00f4nibus ou micro-\u00f4nibus de passageiro de turismo ou escolar, assim como para ve\u00edculo novo no ano da sua aquisi\u00e7\u00e3o, adquirido em concession\u00e1ria goiana, al\u00e9m de redu\u00e7\u00e3o da base de c\u00e1lculo concedida \u00e0s locadoras de ve\u00edculos.<\/div>\n<\/div>\n<p>Os participantes do programa Nota Fiscal Goiana t\u00eam desconto de 5% a 10% no imposto, dependendo do valor das compras feitas com a inclus\u00e3o do CPF nas notas fiscais.<\/p>\n<p><strong>Formas de pagamento do IPVA<\/strong><\/p>\n<p>O pagamento do IPVA pode ser quitado em tr\u00eas parcelas ou parcela \u00fanica na data limite para o pagamento, come\u00e7ando pela placa de final 1, em janeiro, no caso de parcelamento, e terminando com o final 0, em outubro, com parcelamento. Quem preferir pagar parcela \u00fanica tem o prazo para a placa com final 1 ser\u00e1 30 de mar\u00e7o e para a placa de final 0 ser\u00e1 30 de novembro.<\/p>\n<p>O valor que deve ser pago do IPVA, referente ao ve\u00edculo usado, foi calculado com base no valor de mercado local, apurado em pesquisa da FIPE (Funda\u00e7\u00e3o de Pesquisa Econ\u00f4mica). Ademais, esta tabela serve de refer\u00eancia para a cobran\u00e7a do imposto e est\u00e1 na Instru\u00e7\u00e3o Normativa da Secretaria da Economia que fixa o calend\u00e1rio. Al\u00e9m disso, o ve\u00edculo novo vendido no Estado n\u00e3o paga IPVA no ano de sua aquisi\u00e7\u00e3o.<\/p>\n<div class=\"g g-19\">\n<div class=\"g-dyn a-30 c-1\"><\/div>\n<\/div>\n","protected":false},"excerpt":{"rendered":"<p>A primeira parcela do Imposto sobre Propriedade de Ve\u00edculos Automotores (IPVA) com placa final 1 vence nesta quinta-feira (27). O prazo \u00e9 para aqueles contribuintes que optarem pelo parcelamento. J\u00e1 os donos de carros com placa final 1 que preferirem quitar o tributo \u00e0 vista podem pagar at\u00e9 o dia 30 de mar\u00e7o. Confira o &hellip;<\/p>\n","protected":false},"author":3,"featured_media":65040,"comment_status":"open","ping_status":"open","sticky":false,"template":"","format":"standard","meta":{"_exactmetrics_skip_tracking":false,"_exactmetrics_sitenote_active":false,"_exactmetrics_sitenote_note":"","_exactmetrics_sitenote_category":0,"footnotes":""},"categories":[346],"tags":[],"_links":{"self":[{"href":"https:\/\/goiasemtempo.com.br\/home\/wp-json\/wp\/v2\/posts\/65039"}],"collection":[{"href":"https:\/\/goiasemtempo.com.br\/home\/wp-json\/wp\/v2\/posts"}],"about":[{"href":"https:\/\/goiasemtempo.com.br\/home\/wp-json\/wp\/v2\/types\/post"}],"author":[{"embeddable":true,"href":"https:\/\/goiasemtempo.com.br\/home\/wp-json\/wp\/v2\/users\/3"}],"replies":[{"embeddable":true,"href":"https:\/\/goiasemtempo.com.br\/home\/wp-json\/wp\/v2\/comments?post=65039"}],"version-history":[{"count":1,"href":"https:\/\/goiasemtempo.com.br\/home\/wp-json\/wp\/v2\/posts\/65039\/revisions"}],"predecessor-version":[{"id":65041,"href":"https:\/\/goiasemtempo.com.br\/home\/wp-json\/wp\/v2\/posts\/65039\/revisions\/65041"}],"wp:featuredmedia":[{"embeddable":true,"href":"https:\/\/goiasemtempo.com.br\/home\/wp-json\/wp\/v2\/media\/65040"}],"wp:attachment":[{"href":"https:\/\/goiasemtempo.com.br\/home\/wp-json\/wp\/v2\/media?parent=65039"}],"wp:term":[{"taxonomy":"category","embeddable":true,"href":"https:\/\/goiasemtempo.com.br\/home\/wp-json\/wp\/v2\/categories?post=65039"},{"taxonomy":"post_tag","embeddable":true,"href":"https:\/\/goiasemtempo.com.br\/home\/wp-json\/wp\/v2\/tags?post=65039"}],"curies":[{"name":"wp","href":"https:\/\/api.w.org\/{rel}","templated":true}]}}