{"id":64976,"date":"2022-01-24T14:48:44","date_gmt":"2022-01-24T14:48:44","guid":{"rendered":"http:\/\/goiasemtempo.com.br\/home\/?p=64976"},"modified":"2022-01-24T14:49:00","modified_gmt":"2022-01-24T14:49:00","slug":"surpreso-jose-nelto-diz-que-vai-deixar-podemos-mas-que-ainda-nao-escolheu-novo-partido","status":"publish","type":"post","link":"https:\/\/goiasemtempo.com.br\/home\/surpreso-jose-nelto-diz-que-vai-deixar-podemos-mas-que-ainda-nao-escolheu-novo-partido\/","title":{"rendered":"Surpreso, Jos\u00e9 Nelto diz que vai deixar Podemos, mas que ainda n\u00e3o escolheu novo partido"},"content":{"rendered":"<p>O vice-prefeito de Aparecida de Goi\u00e2nia, Vilmar Mariano, assumiu o comando da Comiss\u00e3o Provis\u00f3ria do Podemos em Goi\u00e1s. A articula\u00e7\u00e3o \u00e9 uma estrat\u00e9gia para viabilizar a candidatura de Gustavo Mendanha ao governo de Goi\u00e1s nas elei\u00e7\u00f5es deste ano. O deputado federal Jos\u00e9 Nelto (Podemos) afirmou que foi pego de surpresa com a decis\u00e3o do partido e disse que precisar\u00e1 procurar outro partido se quiser disputar a reelei\u00e7\u00e3o.<\/p>\n<div class=\"g g-1\">\n<div class=\"g-dyn a-30 c-1\">\n<div>\u201cEu quero saber o motivo real que essa comiss\u00e3o provis\u00f3ria foi formada sem conversar comigo, isso foi um desrespeito para um parlamentar que, no Congresso Nacional, tem lutado muito pelas pautas do partido. Com o atual comando, eu acho dif\u00edcil ficar no partido, at\u00e9 porque tenho uma lealdade ao governador Ronaldo Caiado (DEM)\u201d, declarou.<\/div>\n<\/div>\n<\/div>\n<p>Segundo o deputado, as conversas dentro do Podemos estavam adiantadas para um apoio ao governador de Goi\u00e1s, Ronaldo Caiado, que busca a reelei\u00e7\u00e3o e haveria um acordo entre o partido e o Uni\u00e3o Brasil, em \u00e2mbito nacional, pela candidatura de S\u00e9rgio Moro \u00e0 presid\u00eancia da Rep\u00fablica.<\/p>\n<div class=\"g g-2\">\n<div class=\"g-dyn a-32 c-1\">\n<div>\u201cMas, agora, com esse novo fato pol\u00edtico que aconteceu sem o meu conhecimento, sem que eu fosse comunicado, me resta, neste momento, abrir o leque de conversa\u00e7\u00f5es dentro do partido. E logo em seguida vou ter uma conversa com meu grupo pol\u00edtico de outros partidos e estarei tamb\u00e9m indo a Bras\u00edlia na pr\u00f3xima semana\u201d, antecipou.<\/div>\n<\/div>\n<\/div>\n<p>&nbsp;<\/p>\n<p>A escolha do novo partido, por\u00e9m, ainda n\u00e3o foi feita. Nelto afirmou que foi procurado em Bras\u00edlia por v\u00e1rias siglas, como o MDB, por exemplo. \u201cO pol\u00edtico tem que tomar posi\u00e7\u00e3o, tem que escolher um partido, mas eu n\u00e3o pensei em nenhum [\u2026] N\u00e3o posso adiantar nada, mas a partir de 15 de fevereiro abrirei a conversa e tomarei a decis\u00e3o final no dia 30 de mar\u00e7o\u201d, detalhou Jos\u00e9 Nelto, que ainda disse que essa ser\u00e1 sua \u00faltima candidatura a reelei\u00e7\u00e3o para deputado federal.<\/p>\n<p>Com Ag\u00eancia de Not\u00edcias\/ Denys de Freitas\/Sagres\/<\/p>\n","protected":false},"excerpt":{"rendered":"<p>O vice-prefeito de Aparecida de Goi\u00e2nia, Vilmar Mariano, assumiu o comando da Comiss\u00e3o Provis\u00f3ria do Podemos em Goi\u00e1s. A articula\u00e7\u00e3o \u00e9 uma estrat\u00e9gia para viabilizar a candidatura de Gustavo Mendanha ao governo de Goi\u00e1s nas elei\u00e7\u00f5es deste ano. O deputado federal Jos\u00e9 Nelto (Podemos) afirmou que foi pego de surpresa com a decis\u00e3o do partido &hellip;<\/p>\n","protected":false},"author":3,"featured_media":64978,"comment_status":"open","ping_status":"open","sticky":false,"template":"","format":"standard","meta":{"footnotes":""},"categories":[2,4],"tags":[],"class_list":["post-64976","post","type-post","status-publish","format-standard","has-post-thumbnail","hentry","category-politica","category-ultimas-noticias"],"_links":{"self":[{"href":"https:\/\/goiasemtempo.com.br\/home\/wp-json\/wp\/v2\/posts\/64976","targetHints":{"allow":["GET"]}}],"collection":[{"href":"https:\/\/goiasemtempo.com.br\/home\/wp-json\/wp\/v2\/posts"}],"about":[{"href":"https:\/\/goiasemtempo.com.br\/home\/wp-json\/wp\/v2\/types\/post"}],"author":[{"embeddable":true,"href":"https:\/\/goiasemtempo.com.br\/home\/wp-json\/wp\/v2\/users\/3"}],"replies":[{"embeddable":true,"href":"https:\/\/goiasemtempo.com.br\/home\/wp-json\/wp\/v2\/comments?post=64976"}],"version-history":[{"count":2,"href":"https:\/\/goiasemtempo.com.br\/home\/wp-json\/wp\/v2\/posts\/64976\/revisions"}],"predecessor-version":[{"id":64979,"href":"https:\/\/goiasemtempo.com.br\/home\/wp-json\/wp\/v2\/posts\/64976\/revisions\/64979"}],"wp:featuredmedia":[{"embeddable":true,"href":"https:\/\/goiasemtempo.com.br\/home\/wp-json\/wp\/v2\/media\/64978"}],"wp:attachment":[{"href":"https:\/\/goiasemtempo.com.br\/home\/wp-json\/wp\/v2\/media?parent=64976"}],"wp:term":[{"taxonomy":"category","embeddable":true,"href":"https:\/\/goiasemtempo.com.br\/home\/wp-json\/wp\/v2\/categories?post=64976"},{"taxonomy":"post_tag","embeddable":true,"href":"https:\/\/goiasemtempo.com.br\/home\/wp-json\/wp\/v2\/tags?post=64976"}],"curies":[{"name":"wp","href":"https:\/\/api.w.org\/{rel}","templated":true}]}}