{"id":64842,"date":"2022-01-19T18:39:29","date_gmt":"2022-01-19T18:39:29","guid":{"rendered":"http:\/\/goiasemtempo.com.br\/home\/?p=64842"},"modified":"2022-01-19T18:39:29","modified_gmt":"2022-01-19T18:39:29","slug":"sp-homem-mata-filha-mulher-e-sogra-com-golpes-de-pa-e-enxada","status":"publish","type":"post","link":"https:\/\/goiasemtempo.com.br\/home\/sp-homem-mata-filha-mulher-e-sogra-com-golpes-de-pa-e-enxada\/","title":{"rendered":"SP: Homem mata filha, mulher e sogra com golpes de p\u00e1 e enxada"},"content":{"rendered":"<p>A Pol\u00edcia Militar prendeu Miqueias da Silva Santana, de 30 anos, na ter\u00e7a-feira (18), acusado de matar a filha, a mulher e a sogra com golpes de p\u00e1 e enxada na cabe\u00e7a, em Campinas (SP). De acordo com a PM, ap\u00f3s cometer o crime, ele ligou para o 190 e relatou que \u201cfez besteira\u201d. As informa\u00e7\u00f5es s\u00e3o do G1.<\/p>\n<p><span class=\"storyimage fullwidth inlineimage\" data-aop=\"image\"><span class=\"caption truncate\"><span class=\"attribution\">\u00a9 Reprodu\u00e7\u00e3o\/ EPTV<\/span>\u00a0Reprodu\u00e7\u00e3o\/ EPTV<\/span><\/span><\/p>\n<p>Em depoimento \u00e0 Pol\u00edcia Civil, Miqueias afirmou que decidiu matar a filha Manuella Bernardes Santana, de 3 anos, para que ela n\u00e3o ficasse sozinha. \u201cNa mente dele, ele entendeu que seria a melhor solu\u00e7\u00e3o, conforme declara\u00e7\u00f5es, porque ela [a filha] ficaria sem m\u00e3e, av\u00f3 e o pai, porque o pai ficaria preso\u201d, contou ao G1 o delegado Mateus Rocha, da 2\u00aa Delegacia de Defesa da Mulher (DDM).<\/p>\n<p>Ainda conforme o delegado, o homem contou que h\u00e1 cerca de tr\u00eas meses passou a discutir com mais frequ\u00eancia com a mulher Claudia Bernardes Santos, de 34 anos. Miqueias disse ainda que decidiu matar a sogra, Creuza Aparecida Bernardes, de 71, porque ela interferia na rela\u00e7\u00e3o e defendia a filha.<\/p>\n<p>\u201cEstava bastante tranquilo, aparentemente tranquilo, e falou tudo espontaneamente. A princ\u00edpio houve um hist\u00f3rico de discuss\u00f5es, mas nada al\u00e9m disso, n\u00e3o h\u00e1 not\u00edcias de agress\u00f5es anteriores. Mas, houve um desentendimento h\u00e1 cerca de tr\u00eas meses, segundo ele a conviv\u00eancia entre os dois piorou e come\u00e7aram a discutir mais\u201d, explicou Rocha.<\/p>\n<p>O motivo da discuss\u00e3o n\u00e3o foi confirmado. Uma vizinha da fam\u00edlia disse ao G1 que a mulher queria a separa\u00e7\u00e3o.<\/p>\n","protected":false},"excerpt":{"rendered":"<p>A Pol\u00edcia Militar prendeu Miqueias da Silva Santana, de 30 anos, na ter\u00e7a-feira (18), acusado de matar a filha, a mulher e a sogra com golpes de p\u00e1 e enxada na cabe\u00e7a, em Campinas (SP). De acordo com a PM, ap\u00f3s cometer o crime, ele ligou para o 190 e relatou que \u201cfez besteira\u201d. As &hellip;<\/p>\n","protected":false},"author":3,"featured_media":64843,"comment_status":"open","ping_status":"open","sticky":false,"template":"","format":"standard","meta":{"_exactmetrics_skip_tracking":false,"_exactmetrics_sitenote_active":false,"_exactmetrics_sitenote_note":"","_exactmetrics_sitenote_category":0,"footnotes":""},"categories":[4],"tags":[],"_links":{"self":[{"href":"https:\/\/goiasemtempo.com.br\/home\/wp-json\/wp\/v2\/posts\/64842"}],"collection":[{"href":"https:\/\/goiasemtempo.com.br\/home\/wp-json\/wp\/v2\/posts"}],"about":[{"href":"https:\/\/goiasemtempo.com.br\/home\/wp-json\/wp\/v2\/types\/post"}],"author":[{"embeddable":true,"href":"https:\/\/goiasemtempo.com.br\/home\/wp-json\/wp\/v2\/users\/3"}],"replies":[{"embeddable":true,"href":"https:\/\/goiasemtempo.com.br\/home\/wp-json\/wp\/v2\/comments?post=64842"}],"version-history":[{"count":1,"href":"https:\/\/goiasemtempo.com.br\/home\/wp-json\/wp\/v2\/posts\/64842\/revisions"}],"predecessor-version":[{"id":64844,"href":"https:\/\/goiasemtempo.com.br\/home\/wp-json\/wp\/v2\/posts\/64842\/revisions\/64844"}],"wp:featuredmedia":[{"embeddable":true,"href":"https:\/\/goiasemtempo.com.br\/home\/wp-json\/wp\/v2\/media\/64843"}],"wp:attachment":[{"href":"https:\/\/goiasemtempo.com.br\/home\/wp-json\/wp\/v2\/media?parent=64842"}],"wp:term":[{"taxonomy":"category","embeddable":true,"href":"https:\/\/goiasemtempo.com.br\/home\/wp-json\/wp\/v2\/categories?post=64842"},{"taxonomy":"post_tag","embeddable":true,"href":"https:\/\/goiasemtempo.com.br\/home\/wp-json\/wp\/v2\/tags?post=64842"}],"curies":[{"name":"wp","href":"https:\/\/api.w.org\/{rel}","templated":true}]}}