{"id":64699,"date":"2022-01-11T12:56:33","date_gmt":"2022-01-11T12:56:33","guid":{"rendered":"http:\/\/goiasemtempo.com.br\/home\/?p=64699"},"modified":"2022-01-11T12:56:33","modified_gmt":"2022-01-11T12:56:33","slug":"moradores-de-48-cidades-de-mg-e-ba-sacarao-abono-salarial-antecipado","status":"publish","type":"post","link":"https:\/\/goiasemtempo.com.br\/home\/moradores-de-48-cidades-de-mg-e-ba-sacarao-abono-salarial-antecipado\/","title":{"rendered":"Moradores de 48 cidades de MG e BA sacar\u00e3o abono salarial antecipado"},"content":{"rendered":"<p>Trabalhadores com carteira assinada de 48 munic\u00edpios de Minas Gerais e da Bahia afetados pelas enchentes, em dezembro de 2021, ter\u00e3o direito a sacar o abono salarial em 8 de fevereiro, independentemente do m\u00eas de nascimento. O an\u00fancio foi feito h\u00e1 pouco pelo ministro do Trabalho e Previd\u00eancia, Onyx Lorenzoni, e pelo presidente da Caixa Econ\u00f4mica Federal, Pedro Guimar\u00e3es.<img decoding=\"async\" src=\"https:\/\/agenciabrasil.ebc.com.br\/ebc.png?id=1436055&amp;o=node\" \/><img decoding=\"async\" src=\"https:\/\/agenciabrasil.ebc.com.br\/ebc.gif?id=1436055&amp;o=node\" \/><\/p>\n<p>A medida vale para os munic\u00edpios reconhecidos em situa\u00e7\u00e3o de emerg\u00eancia pela Defesa Civil em duas portarias editadas pelo Minist\u00e9rio do Desenvolvimento Regional em 10 de dezembro do ano passado. Ao todo, foram\u00a0<a href=\"https:\/\/www.in.gov.br\/en\/web\/dou\/-\/portaria-n-3.115-de-10-de-dezembro-de-2021-366337281\" target=\"_blank\" rel=\"noopener\">31 munic\u00edpios em Minas Gerais<\/a>\u00a0e\u00a0<a href=\"https:\/\/www.in.gov.br\/web\/dou\/-\/portaria-n-3.123-de-10-de-dezembro-de-2021-366461509\" target=\"_blank\" rel=\"noopener\">17 cidades da Bahia<\/a>.<\/p>\n<p>Com benef\u00edcio de at\u00e9 um sal\u00e1rio m\u00ednimo (R$ 1.212), a rodada de 2022 do abono salarial ser\u00e1 paga a inscritos no Programa de Integra\u00e7\u00e3o Social (PIS) ou no Programa de Forma\u00e7\u00e3o do Patrim\u00f4nio do Servidor P\u00fablico (Pasep) que trabalharam com carteira assinada em 2020 e receberam, em m\u00e9dia, at\u00e9 dois sal\u00e1rios m\u00ednimos.<\/p>\n<div class=\"dnd-widget-wrapper context-cheio_8colunas type-audio\">\n<div class=\"dnd-caption-wrapper\">\n<div class=\"meta\">O dinheiro deveria ter sido pago em 2021, mas <a href=\"https:\/\/agenciabrasil.ebc.com.br\/economia\/noticia\/2021-03\/pagamento-do-abono-salarial-de-2020-e-adiado-para-2022\" target=\"_blank\" rel=\"noopener\">foi adiado para este ano<\/a>\u00a0por recomenda\u00e7\u00e3o da Controladoria-Geral da Uni\u00e3o. O adiamento liberou R$ 7,6 bilh\u00f5es no Or\u00e7amento do ano passado.<\/div>\n<\/div>\n<\/div>\n<h2>Calend\u00e1rio<\/h2>\n<p>O ministro do Trabalho e o presidente da Caixa tamb\u00e9m detalharam o calend\u00e1rio de pagamento do abono salarial de 2022. As datas foram aprovadas na semana passada pelo Conselho Deliberativo do Fundo de Amparo ao Trabalhador (Codefat).<\/p>\n<p>Os trabalhadores do setor privado, inscritos no PIS, receber\u00e3o de 8 de fevereiro a 31 de mar\u00e7o, pela Caixa. J\u00e1 para os servidores p\u00fablicos, militares e empregados de estatais, inscritos no Pasep, o pagamento vai de 15 de fevereiro a 24 de mar\u00e7o, sendo feito pelo Banco do Brasil.<\/p>\n<p>Tradicionalmente, o abono salarial era pago no ano seguinte ao ano trabalhado ao longo de 12 meses, com cada lote correspondendo ao m\u00eas de nascimento do empregado. Agora, o pagamento ser\u00e1 feito ao longo de dois meses, com cronograma acelerado. Segundo Pedro Guimar\u00e3es, a Caixa est\u00e1 preparada para acelerar o fluxo de pagamentos.<\/p>\n<p>\u201cPagaremos 2 milh\u00f5es de pessoas por dia. Para quem chegou a pagar 8 milh\u00f5es de pessoas no mesmo dia na \u00e9poca do aux\u00edlio emergencial, n\u00e3o h\u00e1 nenhuma quest\u00e3o aqui. Estamos adiantando em 10 meses o calend\u00e1rio de pagamento anual. Esse \u00e9 um esfor\u00e7o que nunca foi realizado. Faremos operacionalmente, de maneira segura, sem nenhum problema\u201d, disse o presidente da Caixa.<\/p>\n<h2>Confira abaixo as datas de pagamento<\/h2>\n<p>Trabalhadores da iniciativa privada que recebem pela Caixa Econ\u00f4mica Federal<\/p>\n<table border=\"1\" cellspacing=\"1\" cellpadding=\"1\">\n<tbody>\n<tr>\n<td class=\"rtecenter\">M\u00eas de nascimento<\/td>\n<td class=\"rtecenter\">Data do pagamento<\/td>\n<\/tr>\n<tr>\n<td>Janeiro<\/td>\n<td>8 de fevereiro<\/td>\n<\/tr>\n<tr>\n<td>Fevereiro<\/td>\n<td>10 de fevereiro<\/td>\n<\/tr>\n<tr>\n<td>Mar\u00e7o<\/td>\n<td>15 de fevereiro<\/td>\n<\/tr>\n<tr>\n<td>Abril<\/td>\n<td>17 de fevereiro<\/td>\n<\/tr>\n<tr>\n<td>Maio<\/td>\n<td>22 de fevereiro<\/td>\n<\/tr>\n<tr>\n<td>Junho<\/td>\n<td>24 de fevereiro<\/td>\n<\/tr>\n<tr>\n<td>Julho<\/td>\n<td>15 de mar\u00e7o<\/td>\n<\/tr>\n<tr>\n<td>Agosto<\/td>\n<td>17 de mar\u00e7o<\/td>\n<\/tr>\n<tr>\n<td>Setembro<\/td>\n<td>22 de mar\u00e7o<\/td>\n<\/tr>\n<tr>\n<td>Outubro<\/td>\n<td>24 de mar\u00e7o<\/td>\n<\/tr>\n<tr>\n<td>Novembro<\/td>\n<td>29 de mar\u00e7o<\/td>\n<\/tr>\n<tr>\n<td>Dezembro<\/td>\n<td>31 de mar\u00e7o<\/td>\n<\/tr>\n<\/tbody>\n<\/table>\n<p>Trabalhadores do setor p\u00fablico, que recebem pelo Banco do Brasil<\/p>\n<table border=\"1\" cellspacing=\"1\" cellpadding=\"1\">\n<tbody>\n<tr>\n<td class=\"rtecenter\">Final da inscri\u00e7\u00e3o<\/td>\n<td class=\"rtecenter\">Data do pagamento<\/td>\n<\/tr>\n<tr>\n<td>0<\/td>\n<td>15 de fevereiro<\/td>\n<\/tr>\n<tr>\n<td>1<\/td>\n<td>15 de fevereiro<\/td>\n<\/tr>\n<tr>\n<td>2<\/td>\n<td>17 de fevereiro<\/td>\n<\/tr>\n<tr>\n<td>3<\/td>\n<td>17 de fevereiro<\/td>\n<\/tr>\n<tr>\n<td>4<\/td>\n<td>22 de fevereiro<\/td>\n<\/tr>\n<tr>\n<td>5<\/td>\n<td>24 de fevereiro<\/td>\n<\/tr>\n<tr>\n<td>6<\/td>\n<td>15 de mar\u00e7o<\/td>\n<\/tr>\n<tr>\n<td>7<\/td>\n<td>17 de mar\u00e7o<\/td>\n<\/tr>\n<tr>\n<td>8<\/td>\n<td>22 de mar\u00e7o<\/td>\n<\/tr>\n<tr>\n<td>9<\/td>\n<td>24 de mar\u00e7o<\/td>\n<\/tr>\n<\/tbody>\n<\/table>\n<h2>\nConsulta<\/h2>\n<p>O trabalhador do setor privado poder\u00e1 consultar a situa\u00e7\u00e3o do benef\u00edcio e a data de pagamento nos aplicativos Caixa Trabalhador e Caixa Tem a partir de fevereiro. Se o participante \u00e9 vinculado ao Pasep, pode consultar seu saldo na p\u00e1gina\u00a0<a href=\"https:\/\/www36.bb.com.br\/portalbb\/pasep\/pesquisa,802,17,505134,2,0,1.bbx\" target=\"_blank\" rel=\"noopener\">Consulte seu Pasep<\/a>\u00a0ou ligar para a Central de Atendimento do Banco do Brasil (4004-0001, capitais e regi\u00f5es metropolitanas, ou 0800 729 0001, interior) ou para o Al\u00f4 Trabalhador, telefone 158.<\/p>\n<h2>Valor<\/h2>\n<p>O valor do abono \u00e9 proporcional ao per\u00edodo em que o empregado trabalhou com carteira assinada em 2020. Cada m\u00eas trabalhado equivale a um benef\u00edcio de R$ 101, com per\u00edodos iguais ou superiores a 15 dias contados como m\u00eas cheio. Quem trabalhou 12 meses com carteira assinada receber\u00e1 o sal\u00e1rio m\u00ednimo cheio, de R$ 1.212.<\/p>\n<p><em>*Mat\u00e9ria atualizada \u00e0s 16h10.<\/em><\/p>\n","protected":false},"excerpt":{"rendered":"<p>Trabalhadores com carteira assinada de 48 munic\u00edpios de Minas Gerais e da Bahia afetados pelas enchentes, em dezembro de 2021, ter\u00e3o direito a sacar o abono salarial em 8 de fevereiro, independentemente do m\u00eas de nascimento. O an\u00fancio foi feito h\u00e1 pouco pelo ministro do Trabalho e Previd\u00eancia, Onyx Lorenzoni, e pelo presidente da Caixa &hellip;<\/p>\n","protected":false},"author":3,"featured_media":64701,"comment_status":"open","ping_status":"open","sticky":false,"template":"","format":"standard","meta":{"footnotes":""},"categories":[4],"tags":[],"class_list":["post-64699","post","type-post","status-publish","format-standard","has-post-thumbnail","hentry","category-ultimas-noticias"],"_links":{"self":[{"href":"https:\/\/goiasemtempo.com.br\/home\/wp-json\/wp\/v2\/posts\/64699","targetHints":{"allow":["GET"]}}],"collection":[{"href":"https:\/\/goiasemtempo.com.br\/home\/wp-json\/wp\/v2\/posts"}],"about":[{"href":"https:\/\/goiasemtempo.com.br\/home\/wp-json\/wp\/v2\/types\/post"}],"author":[{"embeddable":true,"href":"https:\/\/goiasemtempo.com.br\/home\/wp-json\/wp\/v2\/users\/3"}],"replies":[{"embeddable":true,"href":"https:\/\/goiasemtempo.com.br\/home\/wp-json\/wp\/v2\/comments?post=64699"}],"version-history":[{"count":1,"href":"https:\/\/goiasemtempo.com.br\/home\/wp-json\/wp\/v2\/posts\/64699\/revisions"}],"predecessor-version":[{"id":64702,"href":"https:\/\/goiasemtempo.com.br\/home\/wp-json\/wp\/v2\/posts\/64699\/revisions\/64702"}],"wp:featuredmedia":[{"embeddable":true,"href":"https:\/\/goiasemtempo.com.br\/home\/wp-json\/wp\/v2\/media\/64701"}],"wp:attachment":[{"href":"https:\/\/goiasemtempo.com.br\/home\/wp-json\/wp\/v2\/media?parent=64699"}],"wp:term":[{"taxonomy":"category","embeddable":true,"href":"https:\/\/goiasemtempo.com.br\/home\/wp-json\/wp\/v2\/categories?post=64699"},{"taxonomy":"post_tag","embeddable":true,"href":"https:\/\/goiasemtempo.com.br\/home\/wp-json\/wp\/v2\/tags?post=64699"}],"curies":[{"name":"wp","href":"https:\/\/api.w.org\/{rel}","templated":true}]}}