{"id":64623,"date":"2022-01-07T20:02:01","date_gmt":"2022-01-07T20:02:01","guid":{"rendered":"http:\/\/goiasemtempo.com.br\/home\/?p=64623"},"modified":"2022-01-07T20:02:01","modified_gmt":"2022-01-07T20:02:01","slug":"caminhao-pega-fogo-e-imagem-de-nossa-senhora-aparecida-fica-intacta","status":"publish","type":"post","link":"https:\/\/goiasemtempo.com.br\/home\/caminhao-pega-fogo-e-imagem-de-nossa-senhora-aparecida-fica-intacta\/","title":{"rendered":"Caminh\u00e3o pega fogo e imagem de Nossa Senhora Aparecida fica intacta"},"content":{"rendered":"<p class=\"texto\">A imagem de um caminh\u00e3o que pegou fogo na BR-158, pr\u00f3ximo ao munic\u00edpio de Laranjeiras do Sul (PR), viralizou nesta sexta-feira (7\/1). Isso porque o ba\u00fa do ve\u00edculo acidentado ficou completamente destru\u00eddo pelo inc\u00eandio, exceto pelas portas traseiras onde est\u00e1 impressa uma imagem de Nossa Senhora Aparecida. Na filmagem, um morador da regi\u00e3o narra a situa\u00e7\u00e3o inusitada.<\/p>\n<div id=\"cb-publicidade-retangulo-interna\" class=\"pub-ret\"><\/div>\n<p class=\"texto\">&#8220;A situa\u00e7\u00e3o que ficou o caminh\u00e3o na Ponte do (Rio) Xagu aqui. (&#8230;) S\u00f3 um milagre mesmo que o motorista se salvou, mas vou mostrar outro detalhe importante, o que sobrou do caminh\u00e3o aqui. Para quem n\u00e3o acredita em milagre, em Nossa Senhora, est\u00e1 a\u00ed, o resto do caminh\u00e3o todo destru\u00eddo. Depois de mais ou menos vinte horas, ainda est\u00e1 saindo fuma\u00e7a ali embaixo&#8221;, detalhou o homem n\u00e3o identificado.<\/p>\n<div><iframe loading=\"lazy\" src=\"https:\/\/www.dailymotion.com\/embed\/video\/x86xmou?autoplay=1\" width=\"100%\" height=\"100%\" frameborder=\"0\" allowfullscreen=\"allowfullscreen\" data-mce-fragment=\"1\"><\/iframe><\/div>\n<div><\/div>\n<p>&nbsp;<\/p>\n<p class=\"texto\">De acordo com o bombeiro militar da unidade de Laranjeiras do Sul, cabo Carlos de Souza, o acidente foi atendido por uma equipe da corpora\u00e7\u00e3o na ter\u00e7a-feira (4\/1). Ele n\u00e3o estava entre a equipe que atendeu o chamado naquele dia, mas confirmou nos registros e explicou que fatos assim, aparentemente sem explica\u00e7\u00e3o, s\u00e3o comuns no dia a dia de um bombeiro.<\/p>\n<p class=\"texto\">&#8220;O ba\u00fa do caminh\u00e3o \u00e9 todo do mesmo material da carroceria, chapas finas de alum\u00ednio, material que derrete facilmente s\u00f3 com a aproxima\u00e7\u00e3o do fogo. N\u00f3s vemos muito esse tipo de coisa, mas n\u00e3o podemos comentar porque tem muita gente que n\u00e3o acredita. Mas aquilo queima muito r\u00e1pido, a \u00fanica explica\u00e7\u00e3o \u00e9 sobrenatural mesmo&#8221;, comentou o cabo. De acordo com Souza, o acidente come\u00e7ou ap\u00f3s uma pane no painel do ve\u00edculo. O caminh\u00e3o pertence \u00e0 empresa Transmarias e o motorista realmente n\u00e3o se feriu.<\/p>\n<p>Com Ag\u00eancia de Not\u00edcias\/Correio Braziliense\/<\/p>\n","protected":false},"excerpt":{"rendered":"<p>A imagem de um caminh\u00e3o que pegou fogo na BR-158, pr\u00f3ximo ao munic\u00edpio de Laranjeiras do Sul (PR), viralizou nesta sexta-feira (7\/1). Isso porque o ba\u00fa do ve\u00edculo acidentado ficou completamente destru\u00eddo pelo inc\u00eandio, exceto pelas portas traseiras onde est\u00e1 impressa uma imagem de Nossa Senhora Aparecida. Na filmagem, um morador da regi\u00e3o narra a &hellip;<\/p>\n","protected":false},"author":3,"featured_media":64624,"comment_status":"open","ping_status":"open","sticky":false,"template":"","format":"standard","meta":{"footnotes":""},"categories":[4],"tags":[],"class_list":["post-64623","post","type-post","status-publish","format-standard","has-post-thumbnail","hentry","category-ultimas-noticias"],"_links":{"self":[{"href":"https:\/\/goiasemtempo.com.br\/home\/wp-json\/wp\/v2\/posts\/64623","targetHints":{"allow":["GET"]}}],"collection":[{"href":"https:\/\/goiasemtempo.com.br\/home\/wp-json\/wp\/v2\/posts"}],"about":[{"href":"https:\/\/goiasemtempo.com.br\/home\/wp-json\/wp\/v2\/types\/post"}],"author":[{"embeddable":true,"href":"https:\/\/goiasemtempo.com.br\/home\/wp-json\/wp\/v2\/users\/3"}],"replies":[{"embeddable":true,"href":"https:\/\/goiasemtempo.com.br\/home\/wp-json\/wp\/v2\/comments?post=64623"}],"version-history":[{"count":1,"href":"https:\/\/goiasemtempo.com.br\/home\/wp-json\/wp\/v2\/posts\/64623\/revisions"}],"predecessor-version":[{"id":64625,"href":"https:\/\/goiasemtempo.com.br\/home\/wp-json\/wp\/v2\/posts\/64623\/revisions\/64625"}],"wp:featuredmedia":[{"embeddable":true,"href":"https:\/\/goiasemtempo.com.br\/home\/wp-json\/wp\/v2\/media\/64624"}],"wp:attachment":[{"href":"https:\/\/goiasemtempo.com.br\/home\/wp-json\/wp\/v2\/media?parent=64623"}],"wp:term":[{"taxonomy":"category","embeddable":true,"href":"https:\/\/goiasemtempo.com.br\/home\/wp-json\/wp\/v2\/categories?post=64623"},{"taxonomy":"post_tag","embeddable":true,"href":"https:\/\/goiasemtempo.com.br\/home\/wp-json\/wp\/v2\/tags?post=64623"}],"curies":[{"name":"wp","href":"https:\/\/api.w.org\/{rel}","templated":true}]}}