{"id":64607,"date":"2022-01-07T19:22:05","date_gmt":"2022-01-07T19:22:05","guid":{"rendered":"http:\/\/goiasemtempo.com.br\/home\/?p=64607"},"modified":"2022-01-07T19:22:05","modified_gmt":"2022-01-07T19:22:05","slug":"anvisa-aprova-registro-e-brasil-tera-vacina-100-nacional","status":"publish","type":"post","link":"https:\/\/goiasemtempo.com.br\/home\/anvisa-aprova-registro-e-brasil-tera-vacina-100-nacional\/","title":{"rendered":"Anvisa aprova registro e Brasil ter\u00e1 vacina 100% nacional"},"content":{"rendered":"<p class=\"text\">A Ag\u00eancia Nacional de Vigil\u00e2ncia Sanit\u00e1ria (<strong>Anvisa<\/strong>) aprovou nesta sexta-feira, 7, o registro do insumo da Funda\u00e7\u00e3o Oswaldo Cruz (Fiocruz) para produ\u00e7\u00e3o da\u00a0<strong>vacina contra a covid-19\u00a0<\/strong>desenvolvida pela AstraZeneca.<\/p>\n<p class=\"text\">Com a decis\u00e3o da Anvisa, o Brasil poder\u00e1 produzir o imunizante, em todas as suas etapas, em territ\u00f3rio nacional.<\/p>\n<div class=\"related-news\">\n<p>&#8220;Para essa decis\u00e3o, a Anvisa avaliou os estudos de comparabilidade. Estes estudos demonstram que, ao ser fabricada no pa\u00eds, o insumo mant\u00e9m o mesmo desempenho que a vacina importada&#8221; informou a ag\u00eancia em nota.<\/p>\n<\/div>\n<p class=\"text\">A vacina da AstraZeneca vinha sendo envasada no Brasil desde o in\u00edcio de 2021, mas com IFA importado da China. O acordo entre a funda\u00e7\u00e3o e a AstraZeneca previa a transfer\u00eancia de tecnologia para fabrica\u00e7\u00e3o total no Brasil, mas o processo atrasou.<\/p>\n<div id=\"ad-offers\" class=\"ad-video-inread\"><\/div>\n<p class=\"text\">A previs\u00e3o inicial era de que a Fiocruz estaria produzindo e distribuindo no Brasil as vacinas nacionais em agosto de 2021. Depois, em outubro.<\/p>\n<p class=\"text\">Segundo a Fiocruz, houve um atraso na assinatura do contrato de transfer\u00eancia de tecnologia porque foi dada prioridade primeiro ao registro emergencial e depois ao registro definitivo da vacina na Anvisa. O contrato final de transfer\u00eancia foi assinado em junho.<\/p>\n<p class=\"text\"><em>* Com informa\u00e7\u00f5es da Reuters<\/em><\/p>\n","protected":false},"excerpt":{"rendered":"<p>A Ag\u00eancia Nacional de Vigil\u00e2ncia Sanit\u00e1ria (Anvisa) aprovou nesta sexta-feira, 7, o registro do insumo da Funda\u00e7\u00e3o Oswaldo Cruz (Fiocruz) para produ\u00e7\u00e3o da\u00a0vacina contra a covid-19\u00a0desenvolvida pela AstraZeneca. Com a decis\u00e3o da Anvisa, o Brasil poder\u00e1 produzir o imunizante, em todas as suas etapas, em territ\u00f3rio nacional. &#8220;Para essa decis\u00e3o, a Anvisa avaliou os estudos &hellip;<\/p>\n","protected":false},"author":3,"featured_media":64608,"comment_status":"open","ping_status":"open","sticky":false,"template":"","format":"standard","meta":{"_exactmetrics_skip_tracking":false,"_exactmetrics_sitenote_active":false,"_exactmetrics_sitenote_note":"","_exactmetrics_sitenote_category":0,"footnotes":""},"categories":[458],"tags":[],"_links":{"self":[{"href":"https:\/\/goiasemtempo.com.br\/home\/wp-json\/wp\/v2\/posts\/64607"}],"collection":[{"href":"https:\/\/goiasemtempo.com.br\/home\/wp-json\/wp\/v2\/posts"}],"about":[{"href":"https:\/\/goiasemtempo.com.br\/home\/wp-json\/wp\/v2\/types\/post"}],"author":[{"embeddable":true,"href":"https:\/\/goiasemtempo.com.br\/home\/wp-json\/wp\/v2\/users\/3"}],"replies":[{"embeddable":true,"href":"https:\/\/goiasemtempo.com.br\/home\/wp-json\/wp\/v2\/comments?post=64607"}],"version-history":[{"count":1,"href":"https:\/\/goiasemtempo.com.br\/home\/wp-json\/wp\/v2\/posts\/64607\/revisions"}],"predecessor-version":[{"id":64609,"href":"https:\/\/goiasemtempo.com.br\/home\/wp-json\/wp\/v2\/posts\/64607\/revisions\/64609"}],"wp:featuredmedia":[{"embeddable":true,"href":"https:\/\/goiasemtempo.com.br\/home\/wp-json\/wp\/v2\/media\/64608"}],"wp:attachment":[{"href":"https:\/\/goiasemtempo.com.br\/home\/wp-json\/wp\/v2\/media?parent=64607"}],"wp:term":[{"taxonomy":"category","embeddable":true,"href":"https:\/\/goiasemtempo.com.br\/home\/wp-json\/wp\/v2\/categories?post=64607"},{"taxonomy":"post_tag","embeddable":true,"href":"https:\/\/goiasemtempo.com.br\/home\/wp-json\/wp\/v2\/tags?post=64607"}],"curies":[{"name":"wp","href":"https:\/\/api.w.org\/{rel}","templated":true}]}}