{"id":64589,"date":"2022-01-07T14:41:05","date_gmt":"2022-01-07T14:41:05","guid":{"rendered":"http:\/\/goiasemtempo.com.br\/home\/?p=64589"},"modified":"2022-01-07T14:41:05","modified_gmt":"2022-01-07T14:41:05","slug":"mais-de-600-detentos-em-goias-fazem-a-prova-do-enem-neste-domingo-9","status":"publish","type":"post","link":"https:\/\/goiasemtempo.com.br\/home\/mais-de-600-detentos-em-goias-fazem-a-prova-do-enem-neste-domingo-9\/","title":{"rendered":"Mais de 600 detentos em Goi\u00e1s fazem a prova do Enem neste domingo (9)"},"content":{"rendered":"<p>O Exame Nacional do Ensino M\u00e9dio para pessoas privadas de liberdade ou sob medida socioeducativa, o Enem PPL 2021, acontece nos pr\u00f3ximos domingos, dias 09 e 16 de janeiro, em todo pa\u00eds. Em Goi\u00e1s, 611 presos se inscreveram para fazer a prova. Um levantamento da Ger\u00eancia de Educa\u00e7\u00e3o da Diretoria-Geral de Administra\u00e7\u00e3o Penitenci\u00e1ria (DGAP) mostra que houve um aumento de 60% no n\u00famero de inscritos. Em 2020, 382 detentos participaram das provas.<\/p>\n<p>Nesta edi\u00e7\u00e3o, o exame nacional avaliar\u00e1 presos de 39 unidades prisionais do Estado. A Unidade Prisional Regional (UPR) de An\u00e1polis se destaca com 135 presos inscritos, seguida pela UPR de Itumbiara e Casa de Pris\u00e3o Provis\u00f3ria (CPP) de Aparecida de Goi\u00e2nia, onde, respectivamente, 66 e 40 detentos tamb\u00e9m far\u00e3o a prova do Enem.<\/p>\n<p>Para o diretor-geral de Administra\u00e7\u00e3o Penitenci\u00e1ria, Josimar Pires, o aumento significativo de presos inscritos no Enem \u00e9 mais uma comprova\u00e7\u00e3o da import\u00e2ncia dos projetos de educa\u00e7\u00e3o desenvolvidos dentro do sistema penitenci\u00e1rio. \u201cO detento que consegue a oportunidade de concluir os estudos durante o cumprimento da pena tem mais condi\u00e7\u00f5es de conseguir trabalho e garantir seus sustento ao sair da pris\u00e3o. Isso evita que ele volte para criminalidade\u201d.<\/p>\n<p><strong>Esperan\u00e7a<\/strong><\/p>\n<p>Segundo um dos detentos da UPR de Porangatu, de 26 anos, inscrito no Enem PPL 2021, a prova representa uma oportunidade para entrar na faculdade. \u201c\u00c9 uma chance que n\u00e3o tive l\u00e1 fora. Espero vit\u00f3rias! Eu quero correr atr\u00e1s do tempo perdido, entrar numa faculdade, me formar, e ser algu\u00e9m na vida, porque se tem uma coisa que ningu\u00e9m tira da gente \u00e9 o estudo\u201d, planeja.<\/p>\n<p>Uma detenta da Unidade Prisional Regional Feminina (UPRFEM) de Luzi\u00e2nia, de 42 anos, est\u00e1 cursando a faculdade de licenciatura em Matem\u00e1tica depois de ser aprovada pela prova do Enem. Ela conta que a nova chance deu a ela uma vis\u00e3o de futuro. \u201cEu vejo que n\u00f3s podemos voltar a ser inseridos na sociedade, com um olhar diferente, como pessoas que podem estar l\u00e1 novamente fazendo algo bom, que nos foi dada uma oportunidade. \u00c9 uma sensa\u00e7\u00e3o de algo que eu procurei, que eu busquei e consegui. Algo bom para a minha vida\u201d, comemora.<\/p>\n<p>Outro custodiado da UPR de Itumbiara fez a prova do Enem no ano passado e conseguiu uma vaga para cursar engenharia el\u00e9trica em uma universidade particular do munic\u00edpio. \u201cGra\u00e7as ao apoio da minha fam\u00edlia e as oportunidades recebidas dentro da penitenci\u00e1ria, posso almejar um novo futuro. O mundo muito julga e pouco estende as m\u00e3os para oferecer ajuda. Quando encontramos apoio e incentivo, como encontrei na administra\u00e7\u00e3o dessa unidade, vemos uma janela se abrir para um novo caminho\u201d, disse.<\/p>\n<p><strong>Enem<\/strong><\/p>\n<p>O Enem avalia o desempenho escolar dos estudantes ao t\u00e9rmino do ensino m\u00e9dio e tornou-se uma das principais portas de entrada para a educa\u00e7\u00e3o superior no Brasil, por meio do Sistema de Sele\u00e7\u00e3o Unificada (Sisu) e de iniciativas como o Programa Universidade para Todos (ProUni).<\/p>\n<p>Institui\u00e7\u00f5es de ensino superior p\u00fablicas e privadas utilizam o Enem para selecionar estudantes. Os resultados s\u00e3o usados como crit\u00e9rio \u00fanico ou complementar dos processos seletivos, al\u00e9m de servirem de par\u00e2metros para acesso a aux\u00edlios governamentais, como o proporcionado pelo Fundo de Financiamento Estudantil (Fies).<\/p>\n<p>As provas do Enem PPL s\u00e3o aplicadas pelo Instituto Nacional de Estudos e Pesquisas Educacionais An\u00edsio Teixeira (Inep) e t\u00eam o mesmo n\u00edvel de dificuldade do Enem regular. A \u00fanica diferen\u00e7a est\u00e1 na aplica\u00e7\u00e3o, que ocorre dentro de unidades prisionais indicadas pelos respectivos \u00f3rg\u00e3os de administra\u00e7\u00e3o prisional de cada estado.<\/p>\n<p><strong>Ensino no sistema<\/strong><\/p>\n<p>Apesar das dificuldades enfrentadas durante a pandemia, a Ger\u00eancia de Educa\u00e7\u00e3o, M\u00f3dulo de Respeito e Patronato da DGAP conseguiu um aumento de mais de 200% no n\u00famero de presos matriculados nos projetos de educa\u00e7\u00e3o. Em agosto de 2020, 932 presos estavam matriculados nos ensinos fundamental e m\u00e9dio. Este n\u00famero subiu para 2.823 em setembro de 2021.<\/p>\n<p>A quantidade de unidades prisionais que oferecem atividades educacionais tamb\u00e9m aumentou. Em 2019, apenas 34 estabelecimentos penais do Estado ofereciam a\u00e7\u00f5es de ensino. Hoje este n\u00famero subiu para 78, ou seja, mais de 80% dos pres\u00eddios de Goi\u00e1s desenvolvem projetos que d\u00e3o aos presos a chance de concluir a educa\u00e7\u00e3o b\u00e1sica.<\/p>\n<p><strong>Fonte:<\/strong>\u00a0Diretoria-Geral de Administra\u00e7\u00e3o Penitenci\u00e1ria (DGAP)<\/p>\n<div class=\"e-mailit_toolbox square size24 rounded\" data-emailit-url=\"http:\/\/www.goias.gov.br\/servico\/44-educacao\/126556-mais-de-600-detentos-fazem-a-prova-do-enem-neste-domingo-9.html\" data-emailit-title=\"Mais de 600 detentos fazem a prova do Enem neste domingo (9)\" data-text-color=\"#ffffff\">\n<div class=\"e-mailit_btn_Facebook\"><\/div>\n<\/div>\n","protected":false},"excerpt":{"rendered":"<p>O Exame Nacional do Ensino M\u00e9dio para pessoas privadas de liberdade ou sob medida socioeducativa, o Enem PPL 2021, acontece nos pr\u00f3ximos domingos, dias 09 e 16 de janeiro, em todo pa\u00eds. Em Goi\u00e1s, 611 presos se inscreveram para fazer a prova. Um levantamento da Ger\u00eancia de Educa\u00e7\u00e3o da Diretoria-Geral de Administra\u00e7\u00e3o Penitenci\u00e1ria (DGAP) mostra &hellip;<\/p>\n","protected":false},"author":3,"featured_media":64590,"comment_status":"open","ping_status":"open","sticky":false,"template":"","format":"standard","meta":{"_exactmetrics_skip_tracking":false,"_exactmetrics_sitenote_active":false,"_exactmetrics_sitenote_note":"","_exactmetrics_sitenote_category":0,"footnotes":""},"categories":[15,19],"tags":[],"_links":{"self":[{"href":"https:\/\/goiasemtempo.com.br\/home\/wp-json\/wp\/v2\/posts\/64589"}],"collection":[{"href":"https:\/\/goiasemtempo.com.br\/home\/wp-json\/wp\/v2\/posts"}],"about":[{"href":"https:\/\/goiasemtempo.com.br\/home\/wp-json\/wp\/v2\/types\/post"}],"author":[{"embeddable":true,"href":"https:\/\/goiasemtempo.com.br\/home\/wp-json\/wp\/v2\/users\/3"}],"replies":[{"embeddable":true,"href":"https:\/\/goiasemtempo.com.br\/home\/wp-json\/wp\/v2\/comments?post=64589"}],"version-history":[{"count":1,"href":"https:\/\/goiasemtempo.com.br\/home\/wp-json\/wp\/v2\/posts\/64589\/revisions"}],"predecessor-version":[{"id":64591,"href":"https:\/\/goiasemtempo.com.br\/home\/wp-json\/wp\/v2\/posts\/64589\/revisions\/64591"}],"wp:featuredmedia":[{"embeddable":true,"href":"https:\/\/goiasemtempo.com.br\/home\/wp-json\/wp\/v2\/media\/64590"}],"wp:attachment":[{"href":"https:\/\/goiasemtempo.com.br\/home\/wp-json\/wp\/v2\/media?parent=64589"}],"wp:term":[{"taxonomy":"category","embeddable":true,"href":"https:\/\/goiasemtempo.com.br\/home\/wp-json\/wp\/v2\/categories?post=64589"},{"taxonomy":"post_tag","embeddable":true,"href":"https:\/\/goiasemtempo.com.br\/home\/wp-json\/wp\/v2\/tags?post=64589"}],"curies":[{"name":"wp","href":"https:\/\/api.w.org\/{rel}","templated":true}]}}