{"id":64572,"date":"2022-01-06T15:07:05","date_gmt":"2022-01-06T15:07:05","guid":{"rendered":"http:\/\/goiasemtempo.com.br\/home\/?p=64572"},"modified":"2022-01-06T15:07:05","modified_gmt":"2022-01-06T15:07:05","slug":"inss-aposentados-e-pensionistas-vao-receber-r-1-212-o-novo-salario-minimo-a-partir-do-dia-25-deste-mes","status":"publish","type":"post","link":"https:\/\/goiasemtempo.com.br\/home\/inss-aposentados-e-pensionistas-vao-receber-r-1-212-o-novo-salario-minimo-a-partir-do-dia-25-deste-mes\/","title":{"rendered":"INSS: aposentados e pensionistas v\u00e3o receber R$ 1.212, o novo sal\u00e1rio m\u00ednimo, a partir do dia 25 deste m\u00eas"},"content":{"rendered":"<p>Aposentados e pensionistas do INSS (Instituto Nacional do Seguro Social) v\u00e3o receber em breve o novo valor do sal\u00e1rio m\u00ednimo. Os R$ 1.212 ser\u00e1 pago a todos os segurados que recebem um sal\u00e1rio m\u00ednimo. O valor ser\u00e1 depositado a partir do dia 25 deste m\u00eas. O reajuste acontece ap\u00f3s o aumento do sal\u00e1rio m\u00ednimo, no dia 1\u00ba de janeiro de 2022.<\/p>\n<div>\n<div class=\"ck-youtube\">\n<div id=\"video_player_50202608-038b-41ab-abe6-612a7275018e\" class=\"wcvideoplayer vxplayer animate youtube_player playerloaded\" tabindex=\"0\" aria-label=\"V\u00eddeo 'Novo sal\u00e1rio m\u00ednimo, de R$ 1.212, entra em vigor neste s\u00e1bado' \" data-adpagegroups=\"{&quot;web&quot;:&quot;braspo&quot;,&quot;mobileweb&quot;:&quot;brmspo&quot;,&quot;tvweb&quot;:&quot;&quot;}\" data-config=\"{&quot;AutoPlay&quot;: false,&quot;FlashSource&quot;: &quot;\/\/static-entertainment-eus-s-msn-com.akamaized.net\/pt-br\/esportes\/_h\/b00c897a\/webcore\/flash\/player.swf&quot;,&quot;HomePageLink&quot;: &quot;\/\/www.msn.com\/pt-br&quot;,&quot;HybridPlayerSource&quot;: &quot;\/\/static-entertainment-eus-s-msn-com.akamaized.net\/pt-br\/esportes\/_h\/561caba8\/webcore\/flash\/hybridplayer_2.swf&quot;,&quot;IsImmersivePlayer&quot;: true,&quot;Is3PP&quot;: true,&quot;InPlayerPageContext&quot;: false,&quot;IsInlinePlayer&quot;: true,&quot;InViewPlay&quot;: false,&quot;InViewWidthFraction&quot;: 0.5,&quot;InViewHeightFraction&quot;: 0.5,&quot;LeadWith&quot;: &quot;html5&quot;,&quot;Mute&quot;: true,&quot;SwfCacheRefreshTime&quot;: 86400,&quot;ShowTitle&quot;: true,&quot;UseHybridPlayer&quot;: false,&quot;AdConfig&quot;:{&quot;AdManagerRequestTimeout&quot;: 25,&quot;FWFlashProfile&quot;: &quot;188286:MSN_AS3_Live&quot;,&quot;FWHtml5Profile&quot;: &quot;188286:MSN_HTML5_Live&quot;,&quot;FWNetworkId&quot;: 188286,&quot;FWServer&quot;: &quot;https:\/\/2df7e.v.fwmrm.net&quot;,&quot;HybridPlayerAdInitTimeout&quot;: 30,&quot;HybridPlayerAdStartTimeout&quot;: 30,&quot;UseTargetingService&quot;: &quot;none&quot;},&quot;EndSlateConfig&quot;:{&quot;EndslateContinuousPlayEnabled&quot;: true},&quot;ReportingConfig&quot;:{&quot;Category&quot;: &quot;soccer&quot;,&quot;ComscoreUrl&quot;: &quot;https:\/\/sb.scorecardresearch.com\/b?&quot;,&quot;DomainId&quot;: 2349,&quot;Fr&quot;: &quot;pt-br_sports&quot;,&quot;ImpressionGuid&quot;: &quot;f09768032c414b47a40130867c9e8e0b&quot;,&quot;Market&quot;: &quot;pt-br&quot;,&quot;OtfUrl&quot;: &quot;\/\/otf.msn.com\/c.gif?&quot;,&quot;SubCategory&quot;: &quot;no-sc&quot;,&quot;Subcvs&quot;: &quot;sports&quot;}}\" data-metadata=\"{&quot;csId&quot;:&quot;BBYKTen&quot;,&quot;csIdBase32&quot;:&quot;B6FVZBISH&quot;,&quot;description&quot;:&quot;O novo sal\u00e1rio m\u00ednimo, de R$ 1.212, entrou em vigor neste s\u00e1bado (1\u00ba). O valor corresponde a um aumento de 10,04% em rela\u00e7\u00e3o \u00e0 remunera\u00e7\u00e3o m\u00ednima de 2021, com um acr\u00e9scimo de pouco mais de R$ 100. A mudan\u00e7a havia sido publicada em edi\u00e7\u00e3o extra do Di\u00e1rio Oficial da Uni\u00e3o (DOU), nesta sexta-feira (31).\\n\\nInscreva-se no nosso canal:\\nyoutube.com\/c\/recordnews\\n \u2022\\nSiga a Record News no TikTok: @recordnews&quot;,&quot;durationSecs&quot;:106,&quot;feedId&quot;:&quot;BBYynyn&quot;,&quot;pageGroup&quot;:&quot;&quot;,&quot;providerId&quot;:&quot;GLcQKHVBffo&quot;,&quot;shareUrl&quot;:&quot;https:\/\/br.bolavip.com\/cotidiano\/inss-aposentados-e-pensionista-recebem-1212-a-partir-do-dia-25-20220106-0048.html&quot;,&quot;sourceFriendly&quot;:&quot;Bolavip Brasil&quot;,&quot;sourceLogo&quot;:&quot;https:\/\/img-s-msn-com.akamaized.net\/tenant\/amp\/entityid\/AANsrdY.img&quot;,&quot;title&quot;:&quot;Novo sal\u00e1rio m\u00ednimo, de R$ 1.212, entra em vigor neste s\u00e1bado&quot;,&quot;uuid&quot;:&quot;AASv8Ds&quot;,&quot;uuidBase32&quot;:&quot;B4P26JJMW&quot;,&quot;playerName&quot;:&quot;YouTube&quot;,&quot;videoFiles&quot;:[],&quot;tags&quot;:[{&quot;ns&quot;:&quot;jobEnvironment&quot;,&quot;value&quot;:&quot;System.Collections.Generic.List&#96;1[System.String]&quot;},{&quot;ns&quot;:&quot;jobInstanceName&quot;,&quot;value&quot;:&quot;System.Collections.Generic.List&#96;1[System.String]&quot;},{&quot;ns&quot;:&quot;feedUrl&quot;,&quot;value&quot;:&quot;https:\/\/br.bolavip.com\/rss\/msn.xml&quot;},{&quot;ns&quot;:&quot;displayAds&quot;,&quot;value&quot;:&quot;System.Collections.Generic.List&#96;1[System.String]&quot;},{&quot;ns&quot;:&quot;feedSourcesArchivePath&quot;,&quot;value&quot;:&quot;System.Collections.Generic.List&#96;1[System.String]&quot;},{&quot;ns&quot;:&quot;deduplicationId&quot;,&quot;value&quot;:&quot;System.Collections.Generic.List&#96;1[System.String]&quot;},{&quot;ns&quot;:&quot;ingestion-tracking&quot;,&quot;value&quot;:&quot;System.Collections.Generic.List&#96;1[System.String]&quot;},{&quot;ns&quot;:&quot;externalPlayerName&quot;,&quot;value&quot;:&quot;YouTube&quot;}],&quot;thumbnail&quot;:{&quot;url&quot;:&quot;https:\/\/img-s-msn-com.akamaized.net\/tenant\/amp\/entityid\/AASvaKY.img&quot;},&quot;headlineImage&quot;:{&quot;url&quot;:&quot;https:\/\/img-s-msn-com.akamaized.net\/tenant\/amp\/entityid\/AASvaKY.img&quot;}}\" data-id=\"121\" data-m=\"{&quot;i&quot;:121,&quot;p&quot;:120,&quot;n&quot;:&quot;inline-player&quot;,&quot;y&quot;:8,&quot;o&quot;:1}\" data-playertype=\"Html5\">\n<div class=\"external\"><iframe loading=\"lazy\" id=\"voou0o59\" class=\"player\" title=\"YouTube video player\" src=\"https:\/\/www.youtube.com\/embed\/GLcQKHVBffo?autoplay=0&amp;showinfo=1&amp;wmode=opaque&amp;modestbranding=1&amp;enablejsapi=1&amp;fs=1&amp;rel=0&amp;origin=https%3A%2F%2Fwww.msn.com&amp;widgetid=1\" width=\"100%\" height=\"100%\" frameborder=\"0\" allowfullscreen=\"allowfullscreen\" data-mce-fragment=\"1\"><\/iframe><\/p>\n<div class=\"providerDetails\">Reprodutor de v\u00eddeo de: YouTube\u00a0(<a tabindex=\"0\" href=\"https:\/\/www.google.com\/policies\/privacy\/\" target=\"_blank\" rel=\"noopener\">Pol\u00edtica de Privacidade<\/a>,\u00a0<a tabindex=\"0\" href=\"https:\/\/www.youtube.com\/t\/terms\" target=\"_blank\" rel=\"noopener\">Termos<\/a>)<\/div>\n<\/div>\n<\/div>\n<\/div>\n<\/div>\n<p>Contudo, para quem recebe acima do piso nacional, a situa\u00e7\u00e3o \u00e9 diferente. Dessa forma, o valor com o reajuste cair\u00e1 na conta a partir do dia 1\u00ba de fevereiro. Al\u00e9m disso, o segurado s\u00f3 recebe seu pagamento de acordo com o n\u00famero final do benef\u00edcio (n\u00famero antes do d\u00edgito). Ou seja, no benef\u00edcio fict\u00edcio de n\u00famero 1234.4312-1, o n\u00famero final ser\u00e1 o 2.<\/p>\n<div><span class=\"storyimage fullwidth inlineimage\" data-aop=\"image\"><span class=\"image\" data-attrib=\"Fornecido por Bolavip Brasil\" data-caption=\"\" data-id=\"143\" data-m=\"{&quot;i&quot;:143,&quot;p&quot;:120,&quot;n&quot;:&quot;openModal&quot;,&quot;t&quot;:&quot;articleImages&quot;,&quot;o&quot;:2}\"><img decoding=\"async\" class=\"loaded\" src=\"https:\/\/img-s-msn-com.akamaized.net\/tenant\/amp\/entityid\/AASv48s.img?h=410&amp;w=740&amp;m=6&amp;q=60&amp;o=f&amp;l=f\" alt=\"\" data-src=\"{&quot;default&quot;:{&quot;load&quot;:&quot;default&quot;,&quot;w&quot;:&quot;74&quot;,&quot;h&quot;:&quot;41&quot;,&quot;src&quot;:&quot;\/\/img-s-msn-com.akamaized.net\/tenant\/amp\/entityid\/AASv48s.img?h=410&amp;w=740&amp;m=6&amp;q=60&amp;o=f&amp;l=f&quot;},&quot;size3column&quot;:{&quot;load&quot;:&quot;default&quot;,&quot;w&quot;:&quot;62&quot;,&quot;h&quot;:&quot;35&quot;,&quot;src&quot;:&quot;\/\/img-s-msn-com.akamaized.net\/tenant\/amp\/entityid\/AASv48s.img?h=346&amp;w=624&amp;m=6&amp;q=60&amp;o=f&amp;l=f&quot;},&quot;size2column&quot;:{&quot;load&quot;:&quot;default&quot;,&quot;w&quot;:&quot;62&quot;,&quot;h&quot;:&quot;35&quot;,&quot;src&quot;:&quot;\/\/img-s-msn-com.akamaized.net\/tenant\/amp\/entityid\/AASv48s.img?h=346&amp;w=624&amp;m=6&amp;q=60&amp;o=f&amp;l=f&quot;}}\" \/><\/span><span class=\"caption truncate\"><span class=\"attribution\">\u00a9 Fornecido por Bolavip Brasil<\/span><\/span><\/span><\/div>\n<div><span class=\"storyimage smallfullwidth inlineimage\" data-aop=\"image\"><span class=\"image\" data-attrib=\"Fornecido por Bolavip Brasil\" data-caption=\"Foto: Reprodu\u00e7\u00e3o\/INSS - Confira o calend\u00e1rio de pagamento do INSS para 2022\" data-id=\"144\" data-m=\"{&quot;i&quot;:144,&quot;p&quot;:120,&quot;n&quot;:&quot;openModal&quot;,&quot;t&quot;:&quot;articleImages&quot;,&quot;o&quot;:3}\"><img decoding=\"async\" class=\"loaded\" src=\"https:\/\/img-s-msn-com.akamaized.net\/tenant\/amp\/entityid\/AASv48u.img?h=366&amp;w=600&amp;m=6&amp;q=60&amp;o=f&amp;l=f\" alt=\"Foto: Reprodu\u00e7\u00e3o\/INSS - Confira o calend\u00e1rio de pagamento do INSS para 2022\" data-src=\"{&quot;default&quot;:{&quot;load&quot;:&quot;default&quot;,&quot;w&quot;:&quot;60&quot;,&quot;h&quot;:&quot;37&quot;,&quot;src&quot;:&quot;\/\/img-s-msn-com.akamaized.net\/tenant\/amp\/entityid\/AASv48u.img?h=366&amp;w=600&amp;m=6&amp;q=60&amp;o=f&amp;l=f&quot;}}\" \/><\/span><span class=\"caption truncate\"><span class=\"attribution\">\u00a9 Fornecido por Bolavip Brasil<\/span>\u00a0Foto: Reprodu\u00e7\u00e3o\/INSS &#8211; Confira o calend\u00e1rio de pagamento do INSS para 2022<\/span><\/span><\/div>\n<p>Assim tamb\u00e9m, haver\u00e1 reajuste no valor de idosos e deficientes que recebem o Benef\u00edcio de Presta\u00e7\u00e3o Continuada (o BPC\/Loas). Este valor tamb\u00e9m \u00e9 pago pelo INSS. Dessa forma, estes benef\u00edciarios tamb\u00e9m receber\u00e3o o novo valor do sal\u00e1rio m\u00ednimo, que foi reajustado para R$ 1.212. Para todos os casos, o pagamento acontecer\u00e1 de forma escalonada, sendo pagos em dias \u00fateis e nunca aos finais de semana ou feriados.<\/p>\n<div>\n<div class=\"ck-twitter\">\n<div class=\"twitter-tweet twitter-tweet-rendered\"><iframe id=\"twitter-widget-0\" class=\"\" title=\"Twitter Tweet\" src=\"https:\/\/platform.twitter.com\/embed\/Tweet.html?dnt=false&amp;embedId=twitter-widget-0&amp;features=eyJ0ZndfZXhwZXJpbWVudHNfY29va2llX2V4cGlyYXRpb24iOnsiYnVja2V0IjoxMjA5NjAwLCJ2ZXJzaW9uIjpudWxsfSwidGZ3X2hvcml6b25fdHdlZXRfZW1iZWRfOTU1NSI6eyJidWNrZXQiOiJodGUiLCJ2ZXJzaW9uIjpudWxsfSwidGZ3X3NwYWNlX2NhcmQiOnsiYnVja2V0Ijoib2ZmIiwidmVyc2lvbiI6bnVsbH19&amp;frame=false&amp;hideCard=false&amp;hideThread=false&amp;id=1477997673928142854&amp;lang=pt&amp;origin=https%3A%2F%2Fbr.bolavip.com%2Fcotidiano%2Finss-aposentados-e-pensionista-recebem-1212-a-partir-do-dia-25-20220106-0048.html&amp;sessionId=05b8ea3287e2f4366888963584d11f956414bb14&amp;theme=light&amp;widgetsVersion=9fd78d5%3A1638479056965&amp;width=550px\" frameborder=\"0\" scrolling=\"no\" allowfullscreen=\"allowfullscreen\" data-tweet-id=\"1477997673928142854\" data-mce-fragment=\"1\"><\/iframe><\/div>\n<\/div>\n<\/div>\n<p>O calend\u00e1rio do INSS \u00e9 definido em dois grupos: o primeiro \u00e9 o calend\u00e1rio de pagamentos dos segurados que recebem um sal\u00e1rio m\u00ednimo. Enquanto isso, o segundo \u00e9 composto pelo calend\u00e1rio de pagamentos dos segurados que recebem mais de um sal\u00e1rio m\u00ednimo. Os primeiros a receberem o pagamento s\u00e3o os segurados que t\u00eam direito a um sal\u00e1rio m\u00ednimo. Quem recebe acima do valor, o pagamento ser\u00e1 realizado posteriormente.<\/p>\n","protected":false},"excerpt":{"rendered":"<p>Aposentados e pensionistas do INSS (Instituto Nacional do Seguro Social) v\u00e3o receber em breve o novo valor do sal\u00e1rio m\u00ednimo. Os R$ 1.212 ser\u00e1 pago a todos os segurados que recebem um sal\u00e1rio m\u00ednimo. O valor ser\u00e1 depositado a partir do dia 25 deste m\u00eas. O reajuste acontece ap\u00f3s o aumento do sal\u00e1rio m\u00ednimo, no &hellip;<\/p>\n","protected":false},"author":3,"featured_media":64573,"comment_status":"open","ping_status":"open","sticky":false,"template":"","format":"standard","meta":{"footnotes":""},"categories":[17,4],"tags":[],"class_list":["post-64572","post","type-post","status-publish","format-standard","has-post-thumbnail","hentry","category-economia","category-ultimas-noticias"],"_links":{"self":[{"href":"https:\/\/goiasemtempo.com.br\/home\/wp-json\/wp\/v2\/posts\/64572","targetHints":{"allow":["GET"]}}],"collection":[{"href":"https:\/\/goiasemtempo.com.br\/home\/wp-json\/wp\/v2\/posts"}],"about":[{"href":"https:\/\/goiasemtempo.com.br\/home\/wp-json\/wp\/v2\/types\/post"}],"author":[{"embeddable":true,"href":"https:\/\/goiasemtempo.com.br\/home\/wp-json\/wp\/v2\/users\/3"}],"replies":[{"embeddable":true,"href":"https:\/\/goiasemtempo.com.br\/home\/wp-json\/wp\/v2\/comments?post=64572"}],"version-history":[{"count":1,"href":"https:\/\/goiasemtempo.com.br\/home\/wp-json\/wp\/v2\/posts\/64572\/revisions"}],"predecessor-version":[{"id":64574,"href":"https:\/\/goiasemtempo.com.br\/home\/wp-json\/wp\/v2\/posts\/64572\/revisions\/64574"}],"wp:featuredmedia":[{"embeddable":true,"href":"https:\/\/goiasemtempo.com.br\/home\/wp-json\/wp\/v2\/media\/64573"}],"wp:attachment":[{"href":"https:\/\/goiasemtempo.com.br\/home\/wp-json\/wp\/v2\/media?parent=64572"}],"wp:term":[{"taxonomy":"category","embeddable":true,"href":"https:\/\/goiasemtempo.com.br\/home\/wp-json\/wp\/v2\/categories?post=64572"},{"taxonomy":"post_tag","embeddable":true,"href":"https:\/\/goiasemtempo.com.br\/home\/wp-json\/wp\/v2\/tags?post=64572"}],"curies":[{"name":"wp","href":"https:\/\/api.w.org\/{rel}","templated":true}]}}