{"id":64563,"date":"2022-01-06T14:31:59","date_gmt":"2022-01-06T14:31:59","guid":{"rendered":"http:\/\/goiasemtempo.com.br\/home\/?p=64563"},"modified":"2022-01-06T14:31:59","modified_gmt":"2022-01-06T14:31:59","slug":"distribuicao-de-mudas-nativas-do-cerrado-continua-em-anapolis","status":"publish","type":"post","link":"https:\/\/goiasemtempo.com.br\/home\/distribuicao-de-mudas-nativas-do-cerrado-continua-em-anapolis\/","title":{"rendered":"Distribui\u00e7\u00e3o de mudas nativas do Cerrado continua em An\u00e1polis"},"content":{"rendered":"<p>At\u00e9 15 de janeiro a Secretaria Municipal de Meio Ambiente, Habita\u00e7\u00e3o e Planejamento Urbano continua doando mudas de esp\u00e9cies nativas do Cerrado em An\u00e1polis. A a\u00e7\u00e3o, que come\u00e7ou em outubro do ano passado, estimula a arboriza\u00e7\u00e3o da cidade com a ajuda dos moradores da cidade. Pela primeira vez, o processo acontece de forma online, dentro do Programa An\u00e1polis Digital, que pode ser acessado no Portal do Cidad\u00e3o, clicando na aba meio ambiente e, em seguida, na op\u00e7\u00e3o doa\u00e7\u00e3o de mudas.<\/p>\n<p>A Secretaria inovou o processo, realizado todos os anos, para facilitar a distribui\u00e7\u00e3o. Feito o cadastro, a pessoa tem at\u00e9 30 dias para a retirada no Viveiro do Trevo, que fica na Avenida Universit\u00e1ria, n\u00ba 4001, Bairro Jardim das Am\u00e9ricas (2\u00aa Etapa). O hor\u00e1rio de atendimento ao p\u00fablico \u00e9 de segunda a quinta-feira, das 7h \u00e0s 11h e das 13h \u00e0s 16h30.<\/p>\n<p>J\u00e1 foram doadas mais de 15 mil mudas de variadas esp\u00e9cies. Cedro, ip\u00eas, cara\u00edba, jacarand\u00e1, oiti e pitanga est\u00e3o entre as dezenas de tipos que o interessado pode escolher. A inten\u00e7\u00e3o da doa\u00e7\u00e3o de mudas nesta temporada \u00e9 recuperar nascentes e \u00e1reas verdes.<\/p>\n","protected":false},"excerpt":{"rendered":"<p>At\u00e9 15 de janeiro a Secretaria Municipal de Meio Ambiente, Habita\u00e7\u00e3o e Planejamento Urbano continua doando mudas de esp\u00e9cies nativas do Cerrado em An\u00e1polis. A a\u00e7\u00e3o, que come\u00e7ou em outubro do ano passado, estimula a arboriza\u00e7\u00e3o da cidade com a ajuda dos moradores da cidade. Pela primeira vez, o processo acontece de forma online, dentro &hellip;<\/p>\n","protected":false},"author":3,"featured_media":64564,"comment_status":"open","ping_status":"open","sticky":false,"template":"","format":"standard","meta":{"_exactmetrics_skip_tracking":false,"_exactmetrics_sitenote_active":false,"_exactmetrics_sitenote_note":"","_exactmetrics_sitenote_category":0,"footnotes":""},"categories":[18,19],"tags":[],"_links":{"self":[{"href":"https:\/\/goiasemtempo.com.br\/home\/wp-json\/wp\/v2\/posts\/64563"}],"collection":[{"href":"https:\/\/goiasemtempo.com.br\/home\/wp-json\/wp\/v2\/posts"}],"about":[{"href":"https:\/\/goiasemtempo.com.br\/home\/wp-json\/wp\/v2\/types\/post"}],"author":[{"embeddable":true,"href":"https:\/\/goiasemtempo.com.br\/home\/wp-json\/wp\/v2\/users\/3"}],"replies":[{"embeddable":true,"href":"https:\/\/goiasemtempo.com.br\/home\/wp-json\/wp\/v2\/comments?post=64563"}],"version-history":[{"count":1,"href":"https:\/\/goiasemtempo.com.br\/home\/wp-json\/wp\/v2\/posts\/64563\/revisions"}],"predecessor-version":[{"id":64565,"href":"https:\/\/goiasemtempo.com.br\/home\/wp-json\/wp\/v2\/posts\/64563\/revisions\/64565"}],"wp:featuredmedia":[{"embeddable":true,"href":"https:\/\/goiasemtempo.com.br\/home\/wp-json\/wp\/v2\/media\/64564"}],"wp:attachment":[{"href":"https:\/\/goiasemtempo.com.br\/home\/wp-json\/wp\/v2\/media?parent=64563"}],"wp:term":[{"taxonomy":"category","embeddable":true,"href":"https:\/\/goiasemtempo.com.br\/home\/wp-json\/wp\/v2\/categories?post=64563"},{"taxonomy":"post_tag","embeddable":true,"href":"https:\/\/goiasemtempo.com.br\/home\/wp-json\/wp\/v2\/tags?post=64563"}],"curies":[{"name":"wp","href":"https:\/\/api.w.org\/{rel}","templated":true}]}}