{"id":64395,"date":"2021-12-30T14:32:31","date_gmt":"2021-12-30T14:32:31","guid":{"rendered":"http:\/\/goiasemtempo.com.br\/home\/?p=64395"},"modified":"2021-12-30T14:32:51","modified_gmt":"2021-12-30T14:32:51","slug":"palmeiras-fecha-novo-acordo-com-a-globo-para-o-brasileirao-veja-valores","status":"publish","type":"post","link":"https:\/\/goiasemtempo.com.br\/home\/palmeiras-fecha-novo-acordo-com-a-globo-para-o-brasileirao-veja-valores\/","title":{"rendered":"Palmeiras fecha novo acordo com a Globo para o Brasileir\u00e3o; veja valores"},"content":{"rendered":"<p><a href=\"https:\/\/www.torcedores.com\/equipes\/palmeiras\" target=\"_blank\" rel=\"noopener\">Palmeiras<\/a>\u00a0e Globo chegaram a um acordo para a transmiss\u00e3o dos jogos do clube na TV fechada (SporTV) a partir da pr\u00f3xima temporada do Brasileir\u00e3o. O Verd\u00e3o foi o pen\u00faltimo dos clubes que tinham v\u00ednculo com a TNT (WarnerMedia) a fechar com a emissora carioca \u2013 somente o Athletico ainda n\u00e3o assinou. A informa\u00e7\u00e3o foi divulgada inicialmente pelo jornalista Diego Iwata Lima, do \u201cUOL Esporte\u201d.<\/p>\n<p>Pelo acerto com a Globo para as pr\u00f3ximas tr\u00eas temporadas \u2013 2022, 2023 e 2024 -, o\u00a0<strong>Verd\u00e3o vai receber R$ 150 milh\u00f5es, ou seja, R$ 50 milh\u00f5es por ano<\/strong>.<\/p>\n<p>A TNT Sports tinha os direitos dos jogos do Brasileir\u00e3o em TV fechada de\u00a0<a href=\"https:\/\/www.torcedores.com\/equipes\/palmeiras\" target=\"_blank\" rel=\"noopener\">Palmeiras<\/a>,\u00a0<a href=\"https:\/\/www.torcedores.com\/equipes\/internacional\" target=\"_blank\" rel=\"noopener\">Internacional<\/a>, Bahia,\u00a0<a href=\"https:\/\/www.torcedores.com\/equipes\/santos\" target=\"_blank\" rel=\"noopener\">Santos<\/a>, Coritiba, Cear\u00e1, Athletico e Fortaleza, mas rescindiu o contrato nesta temporada e todos os clubes fecharam o acordo com a Globo.<\/p>\n<p>Desta forma, agora as partidas do\u00a0<a href=\"https:\/\/www.torcedores.com\/equipes\/palmeiras\" target=\"_blank\" rel=\"noopener\">Palmeiras<\/a>\u00a0no\u00a0<a href=\"https:\/\/www.cbf.com.br\/futebol-brasileiro\/competicoes\/campeonato-brasileiro-serie-a\" target=\"_blank\" rel=\"noopener\">Brasileir\u00e3o<\/a>\u00a0at\u00e9 2024 ser\u00e3o exibidas pelos canais Globo em todas os formatos: TV aberta, TV fechada e pay-per-view.<\/p>\n<p>A Globo ainda n\u00e3o confirma a assinatura do novo v\u00ednculo.<\/p>\n<p>Pela Lei do Mandante, estabelecida neste ano, havia a possibilidade do time alviverde vender os jogos em que seria mandante para outra emissora \u2013 a Jovem Pan News tinha interesse -, mas a presidente Leila Pereira chegou a um acordo com a emissora carioca.<\/p>\n","protected":false},"excerpt":{"rendered":"<p>Palmeiras\u00a0e Globo chegaram a um acordo para a transmiss\u00e3o dos jogos do clube na TV fechada (SporTV) a partir da pr\u00f3xima temporada do Brasileir\u00e3o. O Verd\u00e3o foi o pen\u00faltimo dos clubes que tinham v\u00ednculo com a TNT (WarnerMedia) a fechar com a emissora carioca \u2013 somente o Athletico ainda n\u00e3o assinou. A informa\u00e7\u00e3o foi divulgada &hellip;<\/p>\n","protected":false},"author":3,"featured_media":64396,"comment_status":"open","ping_status":"open","sticky":false,"template":"","format":"standard","meta":{"footnotes":""},"categories":[37,4],"tags":[],"class_list":["post-64395","post","type-post","status-publish","format-standard","has-post-thumbnail","hentry","category-televisao","category-ultimas-noticias"],"_links":{"self":[{"href":"https:\/\/goiasemtempo.com.br\/home\/wp-json\/wp\/v2\/posts\/64395","targetHints":{"allow":["GET"]}}],"collection":[{"href":"https:\/\/goiasemtempo.com.br\/home\/wp-json\/wp\/v2\/posts"}],"about":[{"href":"https:\/\/goiasemtempo.com.br\/home\/wp-json\/wp\/v2\/types\/post"}],"author":[{"embeddable":true,"href":"https:\/\/goiasemtempo.com.br\/home\/wp-json\/wp\/v2\/users\/3"}],"replies":[{"embeddable":true,"href":"https:\/\/goiasemtempo.com.br\/home\/wp-json\/wp\/v2\/comments?post=64395"}],"version-history":[{"count":1,"href":"https:\/\/goiasemtempo.com.br\/home\/wp-json\/wp\/v2\/posts\/64395\/revisions"}],"predecessor-version":[{"id":64397,"href":"https:\/\/goiasemtempo.com.br\/home\/wp-json\/wp\/v2\/posts\/64395\/revisions\/64397"}],"wp:featuredmedia":[{"embeddable":true,"href":"https:\/\/goiasemtempo.com.br\/home\/wp-json\/wp\/v2\/media\/64396"}],"wp:attachment":[{"href":"https:\/\/goiasemtempo.com.br\/home\/wp-json\/wp\/v2\/media?parent=64395"}],"wp:term":[{"taxonomy":"category","embeddable":true,"href":"https:\/\/goiasemtempo.com.br\/home\/wp-json\/wp\/v2\/categories?post=64395"},{"taxonomy":"post_tag","embeddable":true,"href":"https:\/\/goiasemtempo.com.br\/home\/wp-json\/wp\/v2\/tags?post=64395"}],"curies":[{"name":"wp","href":"https:\/\/api.w.org\/{rel}","templated":true}]}}