{"id":64318,"date":"2021-12-27T14:56:36","date_gmt":"2021-12-27T14:56:36","guid":{"rendered":"http:\/\/goiasemtempo.com.br\/home\/?p=64318"},"modified":"2021-12-27T14:56:36","modified_gmt":"2021-12-27T14:56:36","slug":"motorista-de-onibus-do-acidente-na-br-153-diz-a-policia-que-nao-viu-sinalizacao-na-pista","status":"publish","type":"post","link":"https:\/\/goiasemtempo.com.br\/home\/motorista-de-onibus-do-acidente-na-br-153-diz-a-policia-que-nao-viu-sinalizacao-na-pista\/","title":{"rendered":"Motorista de \u00f4nibus do acidente na BR-153 diz \u00e0 pol\u00edcia que n\u00e3o viu sinaliza\u00e7\u00e3o na pista"},"content":{"rendered":"<p>A Delegacia de Investiga\u00e7\u00e3o de Crimes de Tr\u00e2nsito (Dict), especializada da Pol\u00edcia Civil de Goi\u00e1s, divulgou trechos do primeiro depoimento do motorista Edmar Carlos da Mota, de 31 anos, que conduzia o \u00f4nibus que caiu em uma ribanceira as margens do KM 508 da BR-153, em Aparecida de Goi\u00e2nia. O acidente matou seis pessoas e deixou mais de 40 feridos, na \u00faltima sexta-feira (24).<\/p>\n<p>Edmar, com curativos e sentado em uma maca do Hospital Estadual de Aparecida de Goi\u00e2nia Caio Louzada (HEAPA), contou aos policiais que\u00a0<strong>n\u00e3o viu sinaliza\u00e7\u00e3o anterior ao local do acidente<\/strong>. Segundo ele, quando se deu conta estava muito pr\u00f3ximo dos cones e com um caminh\u00e3o vindo na dire\u00e7\u00e3o contr\u00e1ria, pela pista de desvio do lado esquerdo, sentido norte\/sul.<\/p>\n<p>\u201cComo j\u00e1 tinha uns 15 dias que eu n\u00e3o passava por aqui n\u00e3o sabia que a pista estava interditada, que duplicou ela com m\u00e3o de duplo sentido. Tirou a pista dupla e jogou o desvio todo no sentido norte. A \u00faltima vez que passei n\u00e3o estava desta forma\u201d, relatou.<\/p>\n<p>Edmar conta que seguia viagem no sentido norte pela faixa da esquerda. \u201cDo nada, na hora que vi, s\u00f3 senti o tumulto de cones, caminh\u00e3o parado, obras<strong>\u00a0e n\u00e3o vi sinaliza\u00e7\u00e3o para tr\u00e1s, onde veio a colidir<\/strong>. Eu acredito, pelo pouco que ouvi falar, que a carreta estava vindo no sentido sul, atravessando para o sentido norte.\u00a0<strong>Por\u00e9m, n\u00e3o vi sinaliza\u00e7\u00e3o<\/strong>.<\/p>\n<h3 id=\"h-n-o-vi-sinaliza-o\"><strong>\u201cN\u00e3o vi sinaliza\u00e7\u00e3o\u201d<\/strong><\/h3>\n<p>\u201cPela experi\u00eancia que tenho na estrada,\u00a0<strong>todo um KM atr\u00e1s, existe uma sinaliza\u00e7\u00e3o informando que virar pista de m\u00e3o dupla e vai ter cones<\/strong>. Um tempo todo antes preparando para aquele desvio ali. Joguei para direita para poder tirar onde tinha op\u00e7\u00e3o de sair\u201d, contou ao policiais.<\/p>\n<p>Edmar tamb\u00e9m relatou que n\u00e3o viu carro da concession\u00e1ria Triunfo Concebra, que administra a rodovia. Em nota, a empresa disse que o \u00f4nibus n\u00e3o respeitou a sinaliza\u00e7\u00e3o e, no km 508, sentido a Bras\u00edlia, invadiu a divis\u00e3o entre as pistas da rodovia que est\u00e1 funcionando em sentido de m\u00e3o dupla, bateu na lateral de uma viatura da concession\u00e1ria e de frente contra uma carreta.<\/p>\n<p>Ainda de acordo com Edmar, iniciou a viagem em Uberl\u00e2ndia (MG), passou por Araguari (MG) e fez paradas em Caldas Novas (GO), Piracanjuba (GO) e pegou a BR-153. Edmar diz n\u00e3o se lembrar de ter colidido com um ve\u00edculo da concession\u00e1ria que estava parado no local. A suspeita \u00e9 de que o carro da empresa estava com a sinaliza\u00e7\u00e3o luminosa desligada.<\/p>\n<h3><strong>Freios<\/strong><\/h3>\n<p>Nos v\u00eddeos divulgados pela Pol\u00edcia Civil, n\u00e3o \u00e9 citado o \u00e1udio enviado por Edmar em um grupo da empresa, em que ele relata um suposto problema nos freios do \u00f4nibus. No \u00e1udio, o motorista diz que \u201co carro est\u00e1 com problema de freio, freando s\u00f3 de um lado. Ent\u00e3o, a gente est\u00e1 indo mais no sapatinho a\u00ed para evitar transtornos maiores\u201d, diz.<\/p>\n<p>Apesar de n\u00e3o ser perguntado, nos v\u00eddeos, sobre esse \u00e1udio, os policiais o questionam sobre seu n\u00famero de celular. O motorista confirma o mesmo n\u00famero que aparece nos v\u00eddeos em que o \u00e1udio \u00e9 reproduzido.<\/p>\n<p>A empresa de \u00f4nibus Real Expresso diz, em nota, que todos os ve\u00edculos da empresa, inclusive o que se envolveu no acidente, passam por um rigoroso programa de inspe\u00e7\u00e3o e manuten\u00e7\u00e3o antes de todas as viagens. \u201cO ve\u00edculo envolvido no acidente n\u00e3o apresentou nenhum problema mec\u00e2nico ou t\u00e9cnico, e j\u00e1 havia percorrido mais de mil quil\u00f4metros desde S\u00e3o Paulo, sem apresentar qualquer problema\u201d, disse a empresa em nota.<\/p>\n","protected":false},"excerpt":{"rendered":"<p>A Delegacia de Investiga\u00e7\u00e3o de Crimes de Tr\u00e2nsito (Dict), especializada da Pol\u00edcia Civil de Goi\u00e1s, divulgou trechos do primeiro depoimento do motorista Edmar Carlos da Mota, de 31 anos, que conduzia o \u00f4nibus que caiu em uma ribanceira as margens do KM 508 da BR-153, em Aparecida de Goi\u00e2nia. O acidente matou seis pessoas e &hellip;<\/p>\n","protected":false},"author":3,"featured_media":64319,"comment_status":"open","ping_status":"open","sticky":false,"template":"","format":"standard","meta":{"_exactmetrics_skip_tracking":false,"_exactmetrics_sitenote_active":false,"_exactmetrics_sitenote_note":"","_exactmetrics_sitenote_category":0,"footnotes":""},"categories":[346],"tags":[],"_links":{"self":[{"href":"https:\/\/goiasemtempo.com.br\/home\/wp-json\/wp\/v2\/posts\/64318"}],"collection":[{"href":"https:\/\/goiasemtempo.com.br\/home\/wp-json\/wp\/v2\/posts"}],"about":[{"href":"https:\/\/goiasemtempo.com.br\/home\/wp-json\/wp\/v2\/types\/post"}],"author":[{"embeddable":true,"href":"https:\/\/goiasemtempo.com.br\/home\/wp-json\/wp\/v2\/users\/3"}],"replies":[{"embeddable":true,"href":"https:\/\/goiasemtempo.com.br\/home\/wp-json\/wp\/v2\/comments?post=64318"}],"version-history":[{"count":1,"href":"https:\/\/goiasemtempo.com.br\/home\/wp-json\/wp\/v2\/posts\/64318\/revisions"}],"predecessor-version":[{"id":64320,"href":"https:\/\/goiasemtempo.com.br\/home\/wp-json\/wp\/v2\/posts\/64318\/revisions\/64320"}],"wp:featuredmedia":[{"embeddable":true,"href":"https:\/\/goiasemtempo.com.br\/home\/wp-json\/wp\/v2\/media\/64319"}],"wp:attachment":[{"href":"https:\/\/goiasemtempo.com.br\/home\/wp-json\/wp\/v2\/media?parent=64318"}],"wp:term":[{"taxonomy":"category","embeddable":true,"href":"https:\/\/goiasemtempo.com.br\/home\/wp-json\/wp\/v2\/categories?post=64318"},{"taxonomy":"post_tag","embeddable":true,"href":"https:\/\/goiasemtempo.com.br\/home\/wp-json\/wp\/v2\/tags?post=64318"}],"curies":[{"name":"wp","href":"https:\/\/api.w.org\/{rel}","templated":true}]}}