{"id":64268,"date":"2021-12-24T20:44:19","date_gmt":"2021-12-24T20:44:19","guid":{"rendered":"http:\/\/goiasemtempo.com.br\/home\/?p=64268"},"modified":"2021-12-24T20:44:19","modified_gmt":"2021-12-24T20:44:19","slug":"acidente-em-trecho-com-desvio-na-br-153-deixa-cinco-mortos-nesta-madrugada","status":"publish","type":"post","link":"https:\/\/goiasemtempo.com.br\/home\/acidente-em-trecho-com-desvio-na-br-153-deixa-cinco-mortos-nesta-madrugada\/","title":{"rendered":"Acidente em trecho com desvio, na BR-153, deixa cinco mortos nesta madrugada"},"content":{"rendered":"<p>Pelo menos cinco mortos foram registrados at\u00e9 o momento, ap\u00f3s um \u00f4nibus cair no c\u00f3rrego Santo Ant\u00f4nio, na BR-153, e 47 ficaram feridos na madrugada desta sexta-feira (24), em\u00a0Aparecida de Goi\u00e2nia. O acidente aconteceu no desvio pr\u00f3ximo \u00e0 cratera que se abriu por conta de uma eros\u00e3o que vem se formando na pista sentido norte\/sul. Os sobreviventes j\u00e1 foram resgatados e levados para unidades de sa\u00fade pr\u00f3ximas.<\/p>\n<p>Segundo a Pol\u00edcia Rodovi\u00e1ria Federal (PRF), o \u00f4nibus saiu de S\u00e3o Paulo com dire\u00e7\u00e3o a Bras\u00edlia. Quando passava pelo desvio na rodovia, acabou batendo contra um caminh\u00e3o e caiu no c\u00f3rrego. Chovia no momento do acidente. A Triunfo Concebra, empresa que administra a rodovia, disse que o \u00f4nibus n\u00e3o respeitou a sinaliza\u00e7\u00e3o.<\/p>\n<p>Ainda de acordo com a concession\u00e1ria, o ve\u00edculo invadiu a divis\u00e3o entre as pistas da rodovia que est\u00e1 funcionando em sentido de m\u00e3o dupla, bateu na lateral de uma viatura da empresa e de frente contra uma carreta.<\/p>\n<h3 id=\"h-feridos\"><strong>Feridos<\/strong><\/h3>\n<p>Os quase 50 feridos foram levados para unidades de sa\u00fade de Goi\u00e2nia e Aparecida de Goi\u00e2nia. O Hospital Estadual de Urg\u00eancias de Goi\u00e1s Dr. Valdemiro Cruz (Hugo) informou que recebeu sete pacientes v\u00edtimas do acidente na BR-153. \u201cDois pacientes est\u00e3o no centro cir\u00fargico, tr\u00eas est\u00e3o est\u00e1veis e passam por avalia\u00e7\u00e3o m\u00e9dica e exames, e dois j\u00e1 tiveram alta hospitalar\u201d, informou.<\/p>\n<p>J\u00e1 sobre os atendimentos nas unidades de Aparecida, a Secretaria de Sa\u00fade Municipal (SMS), informou que equipes do SAMU atuaram no socorro \u00e0s v\u00edtimas. Segundo informa\u00e7\u00f5es do \u00f3rg\u00e3o, \u201cpacientes graves foram encaminhados para hospitais da regi\u00e3o metropolitana (Heapa, Hugo e Hugol) e tr\u00eas pacientes com quadros leves foram encaminhados \u00e0 UPA Brasicon. A Secretaria informa que esses tr\u00eas pacientes est\u00e3o bem e j\u00e1 receberam alta\u201d, pontuou.<\/p>\n","protected":false},"excerpt":{"rendered":"<p>Pelo menos cinco mortos foram registrados at\u00e9 o momento, ap\u00f3s um \u00f4nibus cair no c\u00f3rrego Santo Ant\u00f4nio, na BR-153, e 47 ficaram feridos na madrugada desta sexta-feira (24), em\u00a0Aparecida de Goi\u00e2nia. O acidente aconteceu no desvio pr\u00f3ximo \u00e0 cratera que se abriu por conta de uma eros\u00e3o que vem se formando na pista sentido norte\/sul. &hellip;<\/p>\n","protected":false},"author":3,"featured_media":64269,"comment_status":"open","ping_status":"open","sticky":false,"template":"","format":"standard","meta":{"_exactmetrics_skip_tracking":false,"_exactmetrics_sitenote_active":false,"_exactmetrics_sitenote_note":"","_exactmetrics_sitenote_category":0,"footnotes":""},"categories":[346],"tags":[],"_links":{"self":[{"href":"https:\/\/goiasemtempo.com.br\/home\/wp-json\/wp\/v2\/posts\/64268"}],"collection":[{"href":"https:\/\/goiasemtempo.com.br\/home\/wp-json\/wp\/v2\/posts"}],"about":[{"href":"https:\/\/goiasemtempo.com.br\/home\/wp-json\/wp\/v2\/types\/post"}],"author":[{"embeddable":true,"href":"https:\/\/goiasemtempo.com.br\/home\/wp-json\/wp\/v2\/users\/3"}],"replies":[{"embeddable":true,"href":"https:\/\/goiasemtempo.com.br\/home\/wp-json\/wp\/v2\/comments?post=64268"}],"version-history":[{"count":1,"href":"https:\/\/goiasemtempo.com.br\/home\/wp-json\/wp\/v2\/posts\/64268\/revisions"}],"predecessor-version":[{"id":64270,"href":"https:\/\/goiasemtempo.com.br\/home\/wp-json\/wp\/v2\/posts\/64268\/revisions\/64270"}],"wp:featuredmedia":[{"embeddable":true,"href":"https:\/\/goiasemtempo.com.br\/home\/wp-json\/wp\/v2\/media\/64269"}],"wp:attachment":[{"href":"https:\/\/goiasemtempo.com.br\/home\/wp-json\/wp\/v2\/media?parent=64268"}],"wp:term":[{"taxonomy":"category","embeddable":true,"href":"https:\/\/goiasemtempo.com.br\/home\/wp-json\/wp\/v2\/categories?post=64268"},{"taxonomy":"post_tag","embeddable":true,"href":"https:\/\/goiasemtempo.com.br\/home\/wp-json\/wp\/v2\/tags?post=64268"}],"curies":[{"name":"wp","href":"https:\/\/api.w.org\/{rel}","templated":true}]}}