{"id":64220,"date":"2021-12-19T14:07:00","date_gmt":"2021-12-19T14:07:00","guid":{"rendered":"http:\/\/goiasemtempo.com.br\/home\/?p=64220"},"modified":"2021-12-19T14:07:00","modified_gmt":"2021-12-19T14:07:00","slug":"cantor-maurilio-deve-comecar-a-se-alimentar-por-sonda-diz-boletim-medico","status":"publish","type":"post","link":"https:\/\/goiasemtempo.com.br\/home\/cantor-maurilio-deve-comecar-a-se-alimentar-por-sonda-diz-boletim-medico\/","title":{"rendered":"Cantor Maur\u00edlio deve come\u00e7ar a se alimentar por sonda, diz boletim m\u00e9dico"},"content":{"rendered":"<p>O cantor\u00a0Maur\u00edlio, de 28 anos, que faz dupla com Luiza,\u00a0segue melhorando e deve come\u00e7ar a se alimentar por sonda, segundo informou boletim m\u00e9dico divulgado na manh\u00e3 deste s\u00e1bado (18). Ele segue internado em uma Unidade de Terapia Intensiva (UTI) do Hospital Jardim Am\u00e9rica, em Goi\u00e2nia, ap\u00f3s um\u00a0tromboembolismo pulmonar e tr\u00eas paradas card\u00edacas.<\/p>\n<p>O estado de sa\u00fade do cantor continua grave, mas apresentou uma leve melhora no quadro cl\u00ednico. Ainda segundo o boletim m\u00e9dico, Maur\u00edlio teve \u201cevolu\u00e7\u00e3o importante dos sinais vitais, tendo sido poss\u00edvel diminuir ainda mais as medica\u00e7\u00f5es para controle da press\u00e3o e dos par\u00e2metros do respirador\u201d, disse o texto.<\/p>\n<p>Al\u00e9m disso, o m\u00fasico tamb\u00e9m est\u00e1 fazendo hemodi\u00e1lise, ap\u00f3s uma les\u00e3o no rim. \u201cEst\u00e1 prevista a passagem de sonda nasoenteral e in\u00edcio de dieta apropriada por essa via\u201d, completa o boletim m\u00e9dico. Nas redes sociais, a esposa de Maur\u00edlio,\u00a0Luana Ramos, publicou que de sexta para s\u00e1bado, familiares que estavam no hospital com o cantor foram dormir em casa \u201ccom o cora\u00e7\u00e3o mais tranquilo\u201d, escreveu.<\/p>\n","protected":false},"excerpt":{"rendered":"<p>O cantor\u00a0Maur\u00edlio, de 28 anos, que faz dupla com Luiza,\u00a0segue melhorando e deve come\u00e7ar a se alimentar por sonda, segundo informou boletim m\u00e9dico divulgado na manh\u00e3 deste s\u00e1bado (18). Ele segue internado em uma Unidade de Terapia Intensiva (UTI) do Hospital Jardim Am\u00e9rica, em Goi\u00e2nia, ap\u00f3s um\u00a0tromboembolismo pulmonar e tr\u00eas paradas card\u00edacas. O estado de &hellip;<\/p>\n","protected":false},"author":3,"featured_media":64221,"comment_status":"open","ping_status":"open","sticky":false,"template":"","format":"standard","meta":{"_exactmetrics_skip_tracking":false,"_exactmetrics_sitenote_active":false,"_exactmetrics_sitenote_note":"","_exactmetrics_sitenote_category":0,"footnotes":""},"categories":[4],"tags":[],"_links":{"self":[{"href":"https:\/\/goiasemtempo.com.br\/home\/wp-json\/wp\/v2\/posts\/64220"}],"collection":[{"href":"https:\/\/goiasemtempo.com.br\/home\/wp-json\/wp\/v2\/posts"}],"about":[{"href":"https:\/\/goiasemtempo.com.br\/home\/wp-json\/wp\/v2\/types\/post"}],"author":[{"embeddable":true,"href":"https:\/\/goiasemtempo.com.br\/home\/wp-json\/wp\/v2\/users\/3"}],"replies":[{"embeddable":true,"href":"https:\/\/goiasemtempo.com.br\/home\/wp-json\/wp\/v2\/comments?post=64220"}],"version-history":[{"count":1,"href":"https:\/\/goiasemtempo.com.br\/home\/wp-json\/wp\/v2\/posts\/64220\/revisions"}],"predecessor-version":[{"id":64222,"href":"https:\/\/goiasemtempo.com.br\/home\/wp-json\/wp\/v2\/posts\/64220\/revisions\/64222"}],"wp:featuredmedia":[{"embeddable":true,"href":"https:\/\/goiasemtempo.com.br\/home\/wp-json\/wp\/v2\/media\/64221"}],"wp:attachment":[{"href":"https:\/\/goiasemtempo.com.br\/home\/wp-json\/wp\/v2\/media?parent=64220"}],"wp:term":[{"taxonomy":"category","embeddable":true,"href":"https:\/\/goiasemtempo.com.br\/home\/wp-json\/wp\/v2\/categories?post=64220"},{"taxonomy":"post_tag","embeddable":true,"href":"https:\/\/goiasemtempo.com.br\/home\/wp-json\/wp\/v2\/tags?post=64220"}],"curies":[{"name":"wp","href":"https:\/\/api.w.org\/{rel}","templated":true}]}}