{"id":64165,"date":"2021-12-16T20:28:56","date_gmt":"2021-12-16T20:28:56","guid":{"rendered":"http:\/\/goiasemtempo.com.br\/home\/?p=64165"},"modified":"2021-12-16T20:28:56","modified_gmt":"2021-12-16T20:28:56","slug":"voluntarios-de-coracao-agora-conta-com-a-parceria-da-escola-adventista-de-anapolis","status":"publish","type":"post","link":"https:\/\/goiasemtempo.com.br\/home\/voluntarios-de-coracao-agora-conta-com-a-parceria-da-escola-adventista-de-anapolis\/","title":{"rendered":"Volunt\u00e1rios de Cora\u00e7\u00e3o agora conta com a parceria da Escola Adventista de An\u00e1polis"},"content":{"rendered":"<p>O programa Volunt\u00e1rios de Cora\u00e7\u00e3o agora conta com a parceria da Escola Adventista de An\u00e1polis, que doou 650 quilos de alimentos nesta quinta-feira, 16, e fez a festa dos moradores da regi\u00e3o sul do munic\u00edpio com as cestas arrecadadas durante a transmiss\u00e3o do Arraiana Live, em julho. Foram beneficiadas as fam\u00edlias em situa\u00e7\u00e3o de vulnerabilidade social referenciadas pelo Centro de Refer\u00eancia da Assist\u00eancia Social (CRAS).<\/p>\n<p>Al\u00e9m da entrega dos alimentos, a escola promoveu uma cantata de Natal solid\u00e1ria organizada pelos alunos da escola. A a\u00e7\u00e3o foi realizada pela Secretaria de Integra\u00e7\u00e3o Social, Esporte e Cultura, em parceria com a Secretaria Municipal de Educa\u00e7\u00e3o, no CMEI Jos\u00e9 Cupertino de Paula, e contou com a presen\u00e7a da primeira-dama de An\u00e1polis, Vivian Naves, e das secret\u00e1rias de Integra\u00e7\u00e3o Social, Andea Lins, e de Educa\u00e7\u00e3o, Eerizania Freitas.<\/p>\n<p>A empresa Bolachas Belma entregou bolachas recheadas e a Linea Alimentos doou cookies de chocolate, fazendo a alegria da crian\u00e7ada neste m\u00eas de festividades. A dona de casa Poliane Souza, de 27 anos, expressou sua gratid\u00e3o por receber os alimentos e desejou felicita\u00e7\u00f5es a todos os volunt\u00e1rios. \u201cEu quero agradecer aos Volunt\u00e1rios de Cora\u00e7\u00e3o e \u00e0 Escola Adventista pelos alimentos que ser\u00e3o muito \u00fateis para minha fam\u00edlia nas festas de fim de ano. Desejo a voc\u00eas uma feliz Natal e um pr\u00f3spero Ano Novo\u201d, disse.<\/p>\n<p>O diretor da Escola Adventista de An\u00e1polis, Alfredo Ferreira, falou sobre sua experi\u00eancia em participar da entrega dos alimentos \u00e0s fam\u00edlias. \u201cSinto-me honrado em estar aqui, pois estive no projeto desde o come\u00e7o e hoje estamos aqui na ponta, levando os alimentos \u00e0s pessoas que precisam.\u201d Alfredo disse ainda que a escola est\u00e1 de portas abertas para futuras parcerias com o programa. \u201cDepois de hoje, n\u00f3s j\u00e1 somos parceiros efetivos da Prefeitura\u201d, concluiu.<\/p>\n","protected":false},"excerpt":{"rendered":"<p>O programa Volunt\u00e1rios de Cora\u00e7\u00e3o agora conta com a parceria da Escola Adventista de An\u00e1polis, que doou 650 quilos de alimentos nesta quinta-feira, 16, e fez a festa dos moradores da regi\u00e3o sul do munic\u00edpio com as cestas arrecadadas durante a transmiss\u00e3o do Arraiana Live, em julho. Foram beneficiadas as fam\u00edlias em situa\u00e7\u00e3o de vulnerabilidade &hellip;<\/p>\n","protected":false},"author":3,"featured_media":64166,"comment_status":"open","ping_status":"open","sticky":false,"template":"","format":"standard","meta":{"_exactmetrics_skip_tracking":false,"_exactmetrics_sitenote_active":false,"_exactmetrics_sitenote_note":"","_exactmetrics_sitenote_category":0,"footnotes":""},"categories":[18,65],"tags":[],"_links":{"self":[{"href":"https:\/\/goiasemtempo.com.br\/home\/wp-json\/wp\/v2\/posts\/64165"}],"collection":[{"href":"https:\/\/goiasemtempo.com.br\/home\/wp-json\/wp\/v2\/posts"}],"about":[{"href":"https:\/\/goiasemtempo.com.br\/home\/wp-json\/wp\/v2\/types\/post"}],"author":[{"embeddable":true,"href":"https:\/\/goiasemtempo.com.br\/home\/wp-json\/wp\/v2\/users\/3"}],"replies":[{"embeddable":true,"href":"https:\/\/goiasemtempo.com.br\/home\/wp-json\/wp\/v2\/comments?post=64165"}],"version-history":[{"count":1,"href":"https:\/\/goiasemtempo.com.br\/home\/wp-json\/wp\/v2\/posts\/64165\/revisions"}],"predecessor-version":[{"id":64167,"href":"https:\/\/goiasemtempo.com.br\/home\/wp-json\/wp\/v2\/posts\/64165\/revisions\/64167"}],"wp:featuredmedia":[{"embeddable":true,"href":"https:\/\/goiasemtempo.com.br\/home\/wp-json\/wp\/v2\/media\/64166"}],"wp:attachment":[{"href":"https:\/\/goiasemtempo.com.br\/home\/wp-json\/wp\/v2\/media?parent=64165"}],"wp:term":[{"taxonomy":"category","embeddable":true,"href":"https:\/\/goiasemtempo.com.br\/home\/wp-json\/wp\/v2\/categories?post=64165"},{"taxonomy":"post_tag","embeddable":true,"href":"https:\/\/goiasemtempo.com.br\/home\/wp-json\/wp\/v2\/tags?post=64165"}],"curies":[{"name":"wp","href":"https:\/\/api.w.org\/{rel}","templated":true}]}}