{"id":64114,"date":"2021-12-15T19:02:04","date_gmt":"2021-12-15T19:02:04","guid":{"rendered":"http:\/\/goiasemtempo.com.br\/home\/?p=64114"},"modified":"2021-12-15T19:02:57","modified_gmt":"2021-12-15T19:02:57","slug":"cantor-maurilio-esta-em-estado-grave-e-respira-com-aparelhos-diz-boletim","status":"publish","type":"post","link":"https:\/\/goiasemtempo.com.br\/home\/cantor-maurilio-esta-em-estado-grave-e-respira-com-aparelhos-diz-boletim\/","title":{"rendered":"Cantor Maur\u00edlio est\u00e1 em estado grave e respira com aparelhos, diz boletim"},"content":{"rendered":"<p>A equipe m\u00e9dica divulgou no in\u00edcio da tarde desta quarta-feira (15) o boletim sobre o estado de sa\u00fade do\u00a0<a href=\"https:\/\/revistamarieclaire.globo.com\/Noticias\/noticia\/2021\/12\/maurilio-da-dupla-com-luiza-sofre-parada-cardiaca-e-esta-em-estado-grave.html\" target=\"_blank\" rel=\"noopener\">cantor<strong>\u00a0Maur\u00edlio<\/strong><\/a>, da dupla com<strong>\u00a0Lu\u00edza<\/strong>. Ele sofreu tr\u00eas\u00a0<a href=\"https:\/\/revistamarieclaire.globo.com\/Web\/noticia\/2015\/01\/ingles-contrai-virus-raro-na-lua-de-mel-sobrevive-seis-paradas-cardiacas-e-se-torna-pai.html\" target=\"_blank\" rel=\"noopener\">paradas card\u00edacas<\/a> na noite anterior logo ap\u00f3s participar da grava\u00e7\u00e3o do DVD da dupla Z\u00e9 Felipe e Miguel.<\/p>\n<p>&#8220;Paciente em leito de\u00a0<a href=\"https:\/\/revistamarieclaire.globo.com\/Noticias\/noticia\/2021\/11\/apos-sair-da-uti-thiago-costa-passa-por-nova-cirurgia.html\" target=\"_blank\" rel=\"noopener\">UTI<\/a>\u00a0desta unidade\u00a0<a href=\"https:\/\/revistamarieclaire.globo.com\/EuLeitora\/noticia\/2021\/08\/meu-coracao-parou-de-bater-por-16-minutos.html\" target=\"_blank\" rel=\"noopener\">apresentando quadro grave<\/a>, em ventila\u00e7\u00e3o mec\u00e2nica, tendo suportes intensivos. Sem previs\u00e3o de alta hospitalar&#8221;, diz o boletim assinado pelo m\u00e9dico\u00a0<strong>Wesley Medeiros<\/strong>, do Hospital Jardim Am\u00e9rica, em Goi\u00e2nia.<\/p>\n<p><a href=\"https:\/\/revistamarieclaire.globo.com\/Celebridades\/noticia\/2021\/12\/apos-retirar-tumor-branco-mello-tem-alta-do-hospital-finalmente-em-casa.html\" target=\"_blank\" rel=\"noopener\">O hospital<\/a>\u00a0tamb\u00e9m divulgou um comunicado dando mais detalhes de como ele chegou ao hospital.\u00a0&#8220;O Hospital Jardim Am\u00e9rica informa que o paciente Maurilio Delmont Ribeiro deu entrada na unidade na madrugada de quarta-feira, 15 de dezembro, apresentando dificuldades para respirar e fortes dores no peito. Imediatamente foi atendido pela equipe plantonista, que prestou os primeiros atendimentos, por\u00e9m durante essa avalia\u00e7\u00e3o apresentou\u00a0<a href=\"http:\/\/revistamarieclaire.globo.com\/EuLeitora\/noticia\/2021\/08\/meu-coracao-parou-de-bater-por-16-minutos.html\" target=\"_blank\" rel=\"noopener\">parada card\u00edaca<\/a>, sendo ent\u00e3o reanimado com sucesso. No momento, Maurilio encontra-se em estado grave, recebendo todo suporte necess\u00e1rio&#8221;, disse comunicado da assessoria da institui\u00e7\u00e3o.<\/p>\n<figure>\n<div id=\"standard_2\" class=\"st-placement standard_2 inImage\">\n<div class=\"st-adunit st-reset st-show\">\n<div class=\"st-adunit-ad st-reset\">\n<div class=\"st-display-render st-reset\">\n<div class=\"st-reset\">\n<div class=\"important-styled st-canvas-container open Leaderboard display-standard fssquz2\">\n<div class=\"important-styled st-canvas-el fhxwyqa\">\n<div class=\"important-styled st-canvas-container undefined fssquz2\">\n<div class=\"important-styled st-canvas-el f1m1vfbu\">\n<div class=\"important-styled st-canvas-container undefined fssquz2\">\n<div class=\"important-styled st-canvas-el fxgr5e\">\n<div class=\"important-styled f1m7i34m\">\n<div class=\"important-styled display-render-wrapper f1m7i34m\"><\/div>\n<\/div>\n<\/div>\n<\/div>\n<div class=\"important-styled st-canvas-container undefined fssquz2\">\n<div class=\"important-styled st-canvas-el f10wpzyu\">\n<div class=\"important-styled display-render x-to-close f9k8010\"><\/div>\n<\/div>\n<\/div>\n<\/div>\n<\/div>\n<\/div>\n<\/div>\n<\/div>\n<\/div>\n<\/div>\n<\/div>\n<\/div>\n<p><img loading=\"lazy\" decoding=\"async\" title=\"Cantor Maur\u00edlio, da dupla com Luiza, sofre parada card\u00edaca (Foto: Reprodu\u00e7\u00e3o \/ Instagram)\" src=\"https:\/\/s2.glbimg.com\/g0h20PfR2IhSYL_u47lI0aVO6Cs=\/top\/e.glbimg.com\/og\/ed\/f\/original\/2021\/12\/15\/whatsapp_image_2021-12-15_at_10.08.38.jpeg\" alt=\"Cantor Maur\u00edlio, da dupla com Luiza, sofre parada card\u00edaca (Foto: Reprodu\u00e7\u00e3o \/ Instagram)\" width=\"620\" height=\"396\" \/><figcaption>Cantor Maur\u00edlio, da dupla com Luiza, sofre parada card\u00edaca (Foto: Reprodu\u00e7\u00e3o \/ Instagram)<\/figcaption><\/figure>\n<p>Mais cedo, a equipe do cantor divulgou comunicado anunciando o cancelamento de shows.\u00a0&#8220;A Work show, escrit\u00f3rio que gerencia a carreira de Luiza e Maurilio, informa que, devido ao estado de sa\u00fade do\u00a0<a href=\"https:\/\/revistamarieclaire.globo.com\/Noticias\/noticia\/2021\/12\/maurilio-da-dupla-com-luiza-sofre-parada-cardiaca-e-esta-em-estado-grave.html\" target=\"_blank\" rel=\"noopener\">cantor Maurilio<\/a>, os\u00a0 shows da dupla que aconteceriam nos dias 17 e 18 de dezembro nas cidades de Sorriso &#8211; MT e Gl\u00f3ria d\u2019Oeste- MT,\u00a0 foram cancelados. Mais informa\u00e7\u00f5es sobre o estado de sa\u00fade do artista, enviaremos, apenas, via boletim m\u00e9dico. Pedimos as ora\u00e7\u00f5es de todos para seu r\u00e1pido restabelecimento&#8221;, disse o comunicado.<\/p>\n","protected":false},"excerpt":{"rendered":"<p>A equipe m\u00e9dica divulgou no in\u00edcio da tarde desta quarta-feira (15) o boletim sobre o estado de sa\u00fade do\u00a0cantor\u00a0Maur\u00edlio, da dupla com\u00a0Lu\u00edza. Ele sofreu tr\u00eas\u00a0paradas card\u00edacas na noite anterior logo ap\u00f3s participar da grava\u00e7\u00e3o do DVD da dupla Z\u00e9 Felipe e Miguel. &#8220;Paciente em leito de\u00a0UTI\u00a0desta unidade\u00a0apresentando quadro grave, em ventila\u00e7\u00e3o mec\u00e2nica, tendo suportes intensivos. &hellip;<\/p>\n","protected":false},"author":3,"featured_media":64115,"comment_status":"open","ping_status":"open","sticky":false,"template":"","format":"standard","meta":{"footnotes":""},"categories":[66,4],"tags":[],"class_list":["post-64114","post","type-post","status-publish","format-standard","has-post-thumbnail","hentry","category-musica","category-ultimas-noticias"],"_links":{"self":[{"href":"https:\/\/goiasemtempo.com.br\/home\/wp-json\/wp\/v2\/posts\/64114","targetHints":{"allow":["GET"]}}],"collection":[{"href":"https:\/\/goiasemtempo.com.br\/home\/wp-json\/wp\/v2\/posts"}],"about":[{"href":"https:\/\/goiasemtempo.com.br\/home\/wp-json\/wp\/v2\/types\/post"}],"author":[{"embeddable":true,"href":"https:\/\/goiasemtempo.com.br\/home\/wp-json\/wp\/v2\/users\/3"}],"replies":[{"embeddable":true,"href":"https:\/\/goiasemtempo.com.br\/home\/wp-json\/wp\/v2\/comments?post=64114"}],"version-history":[{"count":2,"href":"https:\/\/goiasemtempo.com.br\/home\/wp-json\/wp\/v2\/posts\/64114\/revisions"}],"predecessor-version":[{"id":64117,"href":"https:\/\/goiasemtempo.com.br\/home\/wp-json\/wp\/v2\/posts\/64114\/revisions\/64117"}],"wp:featuredmedia":[{"embeddable":true,"href":"https:\/\/goiasemtempo.com.br\/home\/wp-json\/wp\/v2\/media\/64115"}],"wp:attachment":[{"href":"https:\/\/goiasemtempo.com.br\/home\/wp-json\/wp\/v2\/media?parent=64114"}],"wp:term":[{"taxonomy":"category","embeddable":true,"href":"https:\/\/goiasemtempo.com.br\/home\/wp-json\/wp\/v2\/categories?post=64114"},{"taxonomy":"post_tag","embeddable":true,"href":"https:\/\/goiasemtempo.com.br\/home\/wp-json\/wp\/v2\/tags?post=64114"}],"curies":[{"name":"wp","href":"https:\/\/api.w.org\/{rel}","templated":true}]}}