{"id":6397,"date":"2017-12-27T16:22:07","date_gmt":"2017-12-27T16:22:07","guid":{"rendered":"http:\/\/goiasemtempo.com.br\/home\/?p=6397"},"modified":"2017-12-27T16:22:07","modified_gmt":"2017-12-27T16:22:07","slug":"marconi-diz-que-brasil-precisa-escapar-do-populismo-para-ingressar-em-ciclo-virtuoso-e-sustentado-de-crescimento","status":"publish","type":"post","link":"https:\/\/goiasemtempo.com.br\/home\/marconi-diz-que-brasil-precisa-escapar-do-populismo-para-ingressar-em-ciclo-virtuoso-e-sustentado-de-crescimento\/","title":{"rendered":"Marconi diz que Brasil precisa escapar do populismo para ingressar em ciclo virtuoso e sustentado de crescimento"},"content":{"rendered":"<p>Marconi Perillo &#8211; Entrevista &#8211; Correio Braziliense 02A avalia\u00e7\u00e3o do governador Marconi Perillo sobre as perspectivas pol\u00edticas e econ\u00f4micas do Brasil no contexto das elei\u00e7\u00f5es presidenciais de 2018 \u00e9 destaque da edi\u00e7\u00e3o desta quarta-feira, dia 20, do Correio Braziliense. Em entrevista ao jornal ap\u00f3s participar, na sede do Correio, de semin\u00e1rio sobre a retomada do crescimento, Marconi refor\u00e7ou que o Pa\u00eds precisa levar adiante as reformas que abram caminho para o crescimento, sustentadas em um programa de governo \u201carrojado e ousado\u201d, distante das \u201carmadilhas do populismo\u201d.<\/p>\n<p>\u201cO grande desafio do pr\u00f3ximo ano ser\u00e1 escaparmos das armadilhas do populismo, para a apresenta\u00e7\u00e3o de um projeto bem estruturado, agressivo, ousado e realiz\u00e1vel para o Pa\u00eds\u201d, disse. \u201cAlgo que, fundamentalmente, garanta a transi\u00e7\u00e3o de um ciclo populista para um ciclo virtuoso. Tudo isso ancorado em bons exemplos\u201d, afirmou, em evento realizado pelo Correio para debater os desafios de 2018, do qual participou junto com o presidente da Rep\u00fablica, Michel Temer; ministros da Fazenda, Henrique Meirelles, e do Planejamento, Dyogo Oliveira; presidente do Banco Central, Ilan Goldfajn; e governador do Distrito Federal, Rodrigo Rollemberg.<\/p>\n<p>Marconi disse que o crescimento do Brasil permitir\u00e1 que o pa\u00eds concorra de igual para igual com os integrantes do Brics \u2013 R\u00fassia, \u00cdndia, China e \u00c1frica do Sul. O Brasil, na opini\u00e3o do governador, avan\u00e7ou nos 18 meses de governo Temer, sobretudo em rela\u00e7\u00e3o \u00e0s reformas que, lembrou, \u201cestavam paralisadas desde o governo de Fernando Henrique Cardoso\u201d (1995 a 2003).<\/p>\n<p>Marconi citou a queda da infla\u00e7\u00e3o, de 10% para 2,5%, o recuo na taxa Selic, de 15% para 7% ano, e o crescimento das ofertas de emprego, que come\u00e7aram a surgir depois de tr\u00eas anos e meio de estagna\u00e7\u00e3o, para afirmar que o Pa\u00eds est\u00e1 saindo da pior crise econ\u00f4mica de sua hist\u00f3ria. \u201cEstamos melhores hoje\u201d, avaliou.<\/p>\n<p>Goi\u00e1s<\/p>\n<p>Em Goi\u00e1s, disse o governador, mais de 300 mil empregos foram recuperados durante a gest\u00e3o do presidente Temer e outros 46 mil novos postos implementados. \u201cIsso ocorreu porque somos parte de uma gest\u00e3o respons\u00e1vel, fiscal e administrativamente. Vemos isso na Petrobras, que, quase quebrada, mudou visivelmente seu posicionamento com essa nova gest\u00e3o. \u00c9 poss\u00edvel quebrar um ciclo nefasto e ter um ciclo virtuoso. O caminho \u00e9 evitar retrocessos\u201d, afirmou Marconi.<\/p>\n<p>\u201cGarantir efetividade das reformas tamb\u00e9m \u00e9 desafio\u201d, afirma governador<br \/>\nA efetividade das reformas \u00e9 outro desafio no Brasil, aponta o governador Marconi Perillo. Para o tucano, elas s\u00e3o extremamente importantes para que o pa\u00eds n\u00e3o volte a quebrar.<\/p>\n<p>Marconi defendeu, na entrevista ao Correio, a diminui\u00e7\u00e3o do Estado e sua transforma\u00e7\u00e3o em algo mais eficiente, em que apenas o essencial seja de responsabilidade exclusiva da gest\u00e3o, e mais qualifica\u00e7\u00e3o e agilidade.<\/p>\n<p>O governador contou sobre a experi\u00eancia, em Goi\u00e1s, com as Organiza\u00e7\u00f5es Sociais (OSs). \u201cElas administram os hospitais goianos com crit\u00e9rios e fiscaliza\u00e7\u00e3o dur\u00edssima\u201d, afirmou. Como resultado, Marconi disse que, hoje, o Estado paga tr\u00eas vezes mais a um enfermeiro do que os melhores hospitais particulares, e que tamb\u00e9m paga melhor os m\u00e9dicos. \u201cPosso dizer, com toda tranq\u00fcilidade, que todas as nossas unidades hospitalares est\u00e3o melhores que as do setor produtivo. Isso \u00e9 gest\u00e3o\u201d, declarou.<\/p>\n","protected":false},"excerpt":{"rendered":"<p>Marconi Perillo &#8211; Entrevista &#8211; Correio Braziliense 02A avalia\u00e7\u00e3o do governador Marconi Perillo sobre as perspectivas pol\u00edticas e econ\u00f4micas do Brasil no contexto das elei\u00e7\u00f5es presidenciais de 2018 \u00e9 destaque da edi\u00e7\u00e3o desta quarta-feira, dia 20, do Correio Braziliense. Em entrevista ao jornal ap\u00f3s participar, na sede do Correio, de semin\u00e1rio sobre a retomada do &hellip;<\/p>\n","protected":false},"author":2,"featured_media":0,"comment_status":"open","ping_status":"open","sticky":false,"template":"","format":"standard","meta":{"_exactmetrics_skip_tracking":false,"_exactmetrics_sitenote_active":false,"_exactmetrics_sitenote_note":"","_exactmetrics_sitenote_category":0,"footnotes":""},"categories":[4],"tags":[],"_links":{"self":[{"href":"https:\/\/goiasemtempo.com.br\/home\/wp-json\/wp\/v2\/posts\/6397"}],"collection":[{"href":"https:\/\/goiasemtempo.com.br\/home\/wp-json\/wp\/v2\/posts"}],"about":[{"href":"https:\/\/goiasemtempo.com.br\/home\/wp-json\/wp\/v2\/types\/post"}],"author":[{"embeddable":true,"href":"https:\/\/goiasemtempo.com.br\/home\/wp-json\/wp\/v2\/users\/2"}],"replies":[{"embeddable":true,"href":"https:\/\/goiasemtempo.com.br\/home\/wp-json\/wp\/v2\/comments?post=6397"}],"version-history":[{"count":1,"href":"https:\/\/goiasemtempo.com.br\/home\/wp-json\/wp\/v2\/posts\/6397\/revisions"}],"predecessor-version":[{"id":6398,"href":"https:\/\/goiasemtempo.com.br\/home\/wp-json\/wp\/v2\/posts\/6397\/revisions\/6398"}],"wp:attachment":[{"href":"https:\/\/goiasemtempo.com.br\/home\/wp-json\/wp\/v2\/media?parent=6397"}],"wp:term":[{"taxonomy":"category","embeddable":true,"href":"https:\/\/goiasemtempo.com.br\/home\/wp-json\/wp\/v2\/categories?post=6397"},{"taxonomy":"post_tag","embeddable":true,"href":"https:\/\/goiasemtempo.com.br\/home\/wp-json\/wp\/v2\/tags?post=6397"}],"curies":[{"name":"wp","href":"https:\/\/api.w.org\/{rel}","templated":true}]}}