{"id":63932,"date":"2021-12-04T16:27:01","date_gmt":"2021-12-04T16:27:01","guid":{"rendered":"http:\/\/goiasemtempo.com.br\/home\/?p=63932"},"modified":"2021-12-04T16:35:58","modified_gmt":"2021-12-04T16:35:58","slug":"narrador-esportivo-lanca-livro-cultura-de-vendas-neste-domingo-5","status":"publish","type":"post","link":"https:\/\/goiasemtempo.com.br\/home\/narrador-esportivo-lanca-livro-cultura-de-vendas-neste-domingo-5\/","title":{"rendered":"Narrador Edmilson Almeida lan\u00e7a livro Cultura de Vendas neste domingo (5)"},"content":{"rendered":"<p>O jornalista e radialista,\u00a0Edmilson\u00a0Almeida, lan\u00e7a livro Cultura de Venda neste domingo (5), em evento reservado na Pousada Camping Cachoeira Monjolinho, em Corumb\u00e1 de Goi\u00e1s (GO).<\/p>\n<p>O livro faz parte da Cole\u00e7\u00e3o Arterial de Corumb\u00e1 de Goi\u00e1s. A obra traz um conjunto de informa\u00e7\u00f5es \u00fateis para orientar o leitor a construir a cultura de vendas nas organiza\u00e7\u00f5es. Mostra atrav\u00e9s de conte\u00fados conectivos e psicol\u00f3gicos, o car\u00e1ter filos\u00f3fico e pr\u00e1tico da disciplina de vendas.<\/p>\n<p>A falta deste diferencial leva o cliente, inadvertidamente, a brigar pelo menor pre\u00e7o j\u00e1 que para ele n\u00e3o existe diferen\u00e7a em comprar de voc\u00ea ou de seu concorrente.<\/p>\n<p>O livro \u00e9 um resumo das experi\u00eancias adquiridas nesta longa jornada.\u00a0<em>\u201cCompartilhar conte\u00fado \u00e9 o processo de trocar informa\u00e7\u00f5es e estrat\u00e9gias que melhorem a vida das pessoas. O projeto Cultura de Vendas tem como miss\u00e3o, construir por meio de mentorias, palestras e treinamentos, o entendimento de que humanizar \u00e9 o caminho mais r\u00e1pido para atingir os melhores resultados\u201d,\u00a0<\/em>afirma o autor.<\/p>\n<p>&nbsp;<\/p>\n<p>Profissional com experi\u00eancia no atendimento ao cliente, atuou como diretor nas r\u00e1dios: S\u00e3o Francisco e Clube FM (An\u00e1polis) e narrador nas emissoras: Bandeirantes 820 e Sagres 730 (Goi\u00e2nia), foi protagonista no r\u00e1dio em ve\u00edculos de S\u00e3o Paulo: R\u00e1dio Brasil, R\u00e1dio CBN\/Globo, R\u00e1dio Central, TV Rede Fam\u00edlia, Portal Futebol Interior e TV\/R\u00e1dio Bandeirantes.<\/p>\n<p><em>\u201cFomos companheiros de trabalho na R\u00e1dio Bandeirantes, em Campinas-SP. \u00c9 um dos mais competentes narradores esportivos do Brasil e arregimentou uma legi\u00e3o de admiradores na sua passagem pela emissora paulista. Al\u00e9m de profissional comprometido e, com extrema dedica\u00e7\u00e3o, sempre demonstrou companheirismo, trabalhando com profundo respeito e lealdade aos colegas e at\u00e9 mesmo, entre os concorrentes. Foi um protagonista robusto na consolida\u00e7\u00e3o de audi\u00eancia da r\u00e1dio que pertence ao Grupo Bandeirantes de Comunica\u00e7\u00e3o\u201d.\u00a0<\/em>explica Carlos Batista, do Grupo Bandeirantes de Campinas.<\/p>\n<p>&nbsp;<\/p>\n<p><strong>Informa\u00e7\u00f5es:<\/strong><\/p>\n<p><strong>WhatsApp: 62 98419-9972<\/strong><\/p>\n<p><strong>Instagram: @edmilsonalmeidaofc<\/strong><\/p>\n<p>Por:\u00a0<a title=\"Ag\u00eancia Futebol Interior\" href=\"https:\/\/www.futebolinterior.com.br\/opniao\/agencia-futebol-interior\/\">Ag\u00eancia Futebol Interior<\/a>, 03\/12\/2021<\/p>\n<p>&nbsp;<\/p>\n","protected":false},"excerpt":{"rendered":"<p>O jornalista e radialista,\u00a0Edmilson\u00a0Almeida, lan\u00e7a livro Cultura de Venda neste domingo (5), em evento reservado na Pousada Camping Cachoeira Monjolinho, em Corumb\u00e1 de Goi\u00e1s (GO). O livro faz parte da Cole\u00e7\u00e3o Arterial de Corumb\u00e1 de Goi\u00e1s. A obra traz um conjunto de informa\u00e7\u00f5es \u00fateis para orientar o leitor a construir a cultura de vendas nas &hellip;<\/p>\n","protected":false},"author":3,"featured_media":63933,"comment_status":"open","ping_status":"open","sticky":false,"template":"","format":"standard","meta":{"_exactmetrics_skip_tracking":false,"_exactmetrics_sitenote_active":false,"_exactmetrics_sitenote_note":"","_exactmetrics_sitenote_category":0,"footnotes":""},"categories":[32],"tags":[],"_links":{"self":[{"href":"https:\/\/goiasemtempo.com.br\/home\/wp-json\/wp\/v2\/posts\/63932"}],"collection":[{"href":"https:\/\/goiasemtempo.com.br\/home\/wp-json\/wp\/v2\/posts"}],"about":[{"href":"https:\/\/goiasemtempo.com.br\/home\/wp-json\/wp\/v2\/types\/post"}],"author":[{"embeddable":true,"href":"https:\/\/goiasemtempo.com.br\/home\/wp-json\/wp\/v2\/users\/3"}],"replies":[{"embeddable":true,"href":"https:\/\/goiasemtempo.com.br\/home\/wp-json\/wp\/v2\/comments?post=63932"}],"version-history":[{"count":2,"href":"https:\/\/goiasemtempo.com.br\/home\/wp-json\/wp\/v2\/posts\/63932\/revisions"}],"predecessor-version":[{"id":63935,"href":"https:\/\/goiasemtempo.com.br\/home\/wp-json\/wp\/v2\/posts\/63932\/revisions\/63935"}],"wp:featuredmedia":[{"embeddable":true,"href":"https:\/\/goiasemtempo.com.br\/home\/wp-json\/wp\/v2\/media\/63933"}],"wp:attachment":[{"href":"https:\/\/goiasemtempo.com.br\/home\/wp-json\/wp\/v2\/media?parent=63932"}],"wp:term":[{"taxonomy":"category","embeddable":true,"href":"https:\/\/goiasemtempo.com.br\/home\/wp-json\/wp\/v2\/categories?post=63932"},{"taxonomy":"post_tag","embeddable":true,"href":"https:\/\/goiasemtempo.com.br\/home\/wp-json\/wp\/v2\/tags?post=63932"}],"curies":[{"name":"wp","href":"https:\/\/api.w.org\/{rel}","templated":true}]}}