{"id":6387,"date":"2017-12-27T16:20:06","date_gmt":"2017-12-27T16:20:06","guid":{"rendered":"http:\/\/goiasemtempo.com.br\/home\/?p=6387"},"modified":"2017-12-27T16:20:06","modified_gmt":"2017-12-27T16:20:06","slug":"pgr-quer-anular-decisao-que-impediu-bloqueio-de-bens-de-aecio-e-irma","status":"publish","type":"post","link":"https:\/\/goiasemtempo.com.br\/home\/pgr-quer-anular-decisao-que-impediu-bloqueio-de-bens-de-aecio-e-irma\/","title":{"rendered":"PGR quer anular decis\u00e3o que impediu bloqueio de bens de A\u00e9cio e irm\u00e3"},"content":{"rendered":"<p>A Procuradoria-Geral da Rep\u00fablica (PGR) recorreu ao Supremo Tribunal Federal (STF) para anular a decis\u00e3o do ministro Marco Aur\u00e9lio que rejeitou o bloqueio de bens do senador A\u00e9cio Neves (PSDB-MG) e de sua irm\u00e3, Andreia Neves. O pedido inicial, no valor de R$ 4 milh\u00f5es, foi feito pela pr\u00f3pria procuradoria para garantir o ressarcimento dos supostos crimes que teriam sido cometidos pelos acusados.<\/p>\n<p>O senador \u00e9 investigado no STF e foi alvo da Opera\u00e7\u00e3o Patmos, da Pol\u00edcia Federal, deflagrada em maio. O inqu\u00e9rito apura o pedido, feito por A\u00e9cio ao empres\u00e1rio Joesley Batista, de R$ 2 milh\u00f5es para pagar advogados. Para a procuradoria-geral da Rep\u00fablica, o dinheiro teria sido solicitado em troca de atua\u00e7\u00e3o pol\u00edtica a favor da JBS. O senador nega e diz n\u00e3o haver ilegalidade, tratando-se de um empr\u00e9stimo pessoal.<\/p>\n<p>Andreia chegou a ser presa durante a opera\u00e7\u00e3o e depois cumpriu pris\u00e3o domiciliar, que tamb\u00e9m foi revogada por Marco Aur\u00e9lio. A\u00e9cio tamb\u00e9m foi alvo de medidas cautelares, como o recolhimento noturno, impostas pela Primeira Turma do STF, mas as cautelares contra o senador foram depois revertidas pelo plen\u00e1rio do Senado.<\/p>\n<p>Defesa<\/p>\n<p>Em nota, a defesa de A\u00e9cio Neves diz que recebeu com surpresa a reitera\u00e7\u00e3o do pedido da procuradoria. No entendimento do advogado Alberto Toron, representante<br \/>\ndo senador, a mesma quest\u00e3o j\u00e1 foi indeferida por falta de embasamento jur\u00eddico e f\u00e1tico. Reitere-se que os valores n\u00e3o se referem a recursos p\u00fablicos, a recursos il\u00edcitos ou a contrapartida de qualquer natureza, afirmou.<\/p>\n","protected":false},"excerpt":{"rendered":"<p>A Procuradoria-Geral da Rep\u00fablica (PGR) recorreu ao Supremo Tribunal Federal (STF) para anular a decis\u00e3o do ministro Marco Aur\u00e9lio que rejeitou o bloqueio de bens do senador A\u00e9cio Neves (PSDB-MG) e de sua irm\u00e3, Andreia Neves. O pedido inicial, no valor de R$ 4 milh\u00f5es, foi feito pela pr\u00f3pria procuradoria para garantir o ressarcimento dos &hellip;<\/p>\n","protected":false},"author":2,"featured_media":0,"comment_status":"open","ping_status":"open","sticky":false,"template":"","format":"standard","meta":{"_exactmetrics_skip_tracking":false,"_exactmetrics_sitenote_active":false,"_exactmetrics_sitenote_note":"","_exactmetrics_sitenote_category":0,"footnotes":""},"categories":[4],"tags":[],"_links":{"self":[{"href":"https:\/\/goiasemtempo.com.br\/home\/wp-json\/wp\/v2\/posts\/6387"}],"collection":[{"href":"https:\/\/goiasemtempo.com.br\/home\/wp-json\/wp\/v2\/posts"}],"about":[{"href":"https:\/\/goiasemtempo.com.br\/home\/wp-json\/wp\/v2\/types\/post"}],"author":[{"embeddable":true,"href":"https:\/\/goiasemtempo.com.br\/home\/wp-json\/wp\/v2\/users\/2"}],"replies":[{"embeddable":true,"href":"https:\/\/goiasemtempo.com.br\/home\/wp-json\/wp\/v2\/comments?post=6387"}],"version-history":[{"count":1,"href":"https:\/\/goiasemtempo.com.br\/home\/wp-json\/wp\/v2\/posts\/6387\/revisions"}],"predecessor-version":[{"id":6388,"href":"https:\/\/goiasemtempo.com.br\/home\/wp-json\/wp\/v2\/posts\/6387\/revisions\/6388"}],"wp:attachment":[{"href":"https:\/\/goiasemtempo.com.br\/home\/wp-json\/wp\/v2\/media?parent=6387"}],"wp:term":[{"taxonomy":"category","embeddable":true,"href":"https:\/\/goiasemtempo.com.br\/home\/wp-json\/wp\/v2\/categories?post=6387"},{"taxonomy":"post_tag","embeddable":true,"href":"https:\/\/goiasemtempo.com.br\/home\/wp-json\/wp\/v2\/tags?post=6387"}],"curies":[{"name":"wp","href":"https:\/\/api.w.org\/{rel}","templated":true}]}}