{"id":63555,"date":"2021-11-17T15:13:35","date_gmt":"2021-11-17T15:13:35","guid":{"rendered":"http:\/\/goiasemtempo.com.br\/home\/?p=63555"},"modified":"2021-11-17T21:42:57","modified_gmt":"2021-11-17T21:42:57","slug":"comecam-a-funcionar-no-hospital-alfredo-abrahao-setor-de-queimaduras-e-nucleo-de-epidemiologia-em-anapolis","status":"publish","type":"post","link":"https:\/\/goiasemtempo.com.br\/home\/comecam-a-funcionar-no-hospital-alfredo-abrahao-setor-de-queimaduras-e-nucleo-de-epidemiologia-em-anapolis\/","title":{"rendered":"Come\u00e7am a funcionar no Hospital Alfredo Abrah\u00e3o em An\u00e1polis, Setor de Queimaduras e N\u00facleo de Epidemiologia"},"content":{"rendered":"<p>O processo de transi\u00e7\u00e3o dos servi\u00e7os do Hospital Municipal Jamel Cec\u00edlio para a nova unidade Alfredo Abrah\u00e3o est\u00e1 quase conclu\u00eddo. A partir de amanh\u00e3, 17, j\u00e1 come\u00e7a a funcionar o Setor de Queimaduras e o N\u00facleo Hospitalar Epidemiol\u00f3gico, que realiza atendimentos antirr\u00e1bicos, de acidentes por animais pe\u00e7onhentos, de viol\u00eancia sexual e outras, em adultos e crian\u00e7as, e tamb\u00e9m de acidentes de trabalho com exposi\u00e7\u00e3o a material biol\u00f3gico.<\/p>\n<p>Na sexta-feira, 19, come\u00e7a tamb\u00e9m o atendimento em feridas em p\u00e9s diab\u00e9ticos, tanto consulta como cirurgias. Com isso, falta apenas o setor de ortopedia e traumatologia, absorvido provisoriamente pela UPA da Vila Esperan\u00e7a para gesso, redu\u00e7\u00e3o de fraturas fechadas e les\u00f5es.<\/p>\n<p>Para atender a demanda, a unidade de sa\u00fade do Parque Iracema passa a atender de forma mista casos de Covid-19 e cl\u00ednica geral, mantendo as regras e o distanciamento exigido. L\u00e1 tamb\u00e9m h\u00e1 leitos de interna\u00e7\u00e3o cl\u00ednica e observa\u00e7\u00e3o at\u00e9 a transfer\u00eancia para a unidade de tratamento definitivo.<\/p>\n<p>Lembrando que, al\u00e9m de todos esses servi\u00e7os, o Hospital Municipal Alfredo Abrah\u00e3o ainda conta com a realiza\u00e7\u00e3o de cirurgias eletivas e de urg\u00eancias e, brevemente, com atendimento ambulatorial. Desde a inaugura\u00e7\u00e3o, no \u00faltimo dia 9, foram realizadas mais de 50.<\/p>\n<p>Assim, o Hospital Municipal Jamel Cec\u00edlio come\u00e7a a ser desativado, restando apenas os servi\u00e7os do laborat\u00f3rio de an\u00e1lises cl\u00ednicas, interna\u00e7\u00f5es em tratamento e oftalmologia ambulatorial, que logo ser\u00e1 levado para outra unidade.<\/p>\n<p>Nova estrutura<br \/>\nO Hospital Municipal Alfredo Abrah\u00e3o conta com 75 leitos, sendo 10 de UTI e tr\u00eas centros cir\u00fargicos, consult\u00f3rios, salas de exames e toda estrutura necess\u00e1ria para atender a popula\u00e7\u00e3o. O local vai funcionar como urg\u00eancia e emerg\u00eancia para ortopedia, traumas e queimaduras. Tamb\u00e9m ser\u00e1 unidade ambulatorial para consultas em v\u00e1rias \u00e1reas da medicina com agendamento via regula\u00e7\u00e3o.<\/p>\n<p>O projeto do novo hospital surgiu com a reestrutura\u00e7\u00e3o da sa\u00fade, em novembro de 2018, quando o ent\u00e3o Cais Progresso foi desativado devido a quest\u00f5es estruturais e sanit\u00e1rias. Mesmo durante a pandemia da Covid-19, a obra seguiu em frente e est\u00e1 pronta para atender toda a popula\u00e7\u00e3o de An\u00e1polis. Uma parte do hospital foi utilizada, inclusive, para amplia\u00e7\u00e3o dos leitos municipais de UTI no enfrentamento \u00e0 pandemia.<\/p>\n<p>Para funcionamento pleno e emergencial, foi feito o credenciamento de Organiza\u00e7\u00e3o Social para a gest\u00e3o do hospital, a exemplo da UPA Pedi\u00e1trica, considerada refer\u00eancia no setor, e que contou, para sua inaugura\u00e7\u00e3o, com o mesmo formato de licita\u00e7\u00e3o e contrata\u00e7\u00e3o.<\/p>\n","protected":false},"excerpt":{"rendered":"<p>O processo de transi\u00e7\u00e3o dos servi\u00e7os do Hospital Municipal Jamel Cec\u00edlio para a nova unidade Alfredo Abrah\u00e3o est\u00e1 quase conclu\u00eddo. A partir de amanh\u00e3, 17, j\u00e1 come\u00e7a a funcionar o Setor de Queimaduras e o N\u00facleo Hospitalar Epidemiol\u00f3gico, que realiza atendimentos antirr\u00e1bicos, de acidentes por animais pe\u00e7onhentos, de viol\u00eancia sexual e outras, em adultos e &hellip;<\/p>\n","protected":false},"author":3,"featured_media":63556,"comment_status":"open","ping_status":"open","sticky":false,"template":"","format":"standard","meta":{"_exactmetrics_skip_tracking":false,"_exactmetrics_sitenote_active":false,"_exactmetrics_sitenote_note":"","_exactmetrics_sitenote_category":0,"footnotes":""},"categories":[18,19],"tags":[],"_links":{"self":[{"href":"https:\/\/goiasemtempo.com.br\/home\/wp-json\/wp\/v2\/posts\/63555"}],"collection":[{"href":"https:\/\/goiasemtempo.com.br\/home\/wp-json\/wp\/v2\/posts"}],"about":[{"href":"https:\/\/goiasemtempo.com.br\/home\/wp-json\/wp\/v2\/types\/post"}],"author":[{"embeddable":true,"href":"https:\/\/goiasemtempo.com.br\/home\/wp-json\/wp\/v2\/users\/3"}],"replies":[{"embeddable":true,"href":"https:\/\/goiasemtempo.com.br\/home\/wp-json\/wp\/v2\/comments?post=63555"}],"version-history":[{"count":4,"href":"https:\/\/goiasemtempo.com.br\/home\/wp-json\/wp\/v2\/posts\/63555\/revisions"}],"predecessor-version":[{"id":63560,"href":"https:\/\/goiasemtempo.com.br\/home\/wp-json\/wp\/v2\/posts\/63555\/revisions\/63560"}],"wp:featuredmedia":[{"embeddable":true,"href":"https:\/\/goiasemtempo.com.br\/home\/wp-json\/wp\/v2\/media\/63556"}],"wp:attachment":[{"href":"https:\/\/goiasemtempo.com.br\/home\/wp-json\/wp\/v2\/media?parent=63555"}],"wp:term":[{"taxonomy":"category","embeddable":true,"href":"https:\/\/goiasemtempo.com.br\/home\/wp-json\/wp\/v2\/categories?post=63555"},{"taxonomy":"post_tag","embeddable":true,"href":"https:\/\/goiasemtempo.com.br\/home\/wp-json\/wp\/v2\/tags?post=63555"}],"curies":[{"name":"wp","href":"https:\/\/api.w.org\/{rel}","templated":true}]}}