{"id":63470,"date":"2021-11-12T14:28:08","date_gmt":"2021-11-12T14:28:08","guid":{"rendered":"http:\/\/goiasemtempo.com.br\/home\/?p=63470"},"modified":"2021-11-12T14:28:28","modified_gmt":"2021-11-12T14:28:28","slug":"feira-do-procon-anapolis-ja-renegociou-mais-de-meio-milhao-em-dividas","status":"publish","type":"post","link":"https:\/\/goiasemtempo.com.br\/home\/feira-do-procon-anapolis-ja-renegociou-mais-de-meio-milhao-em-dividas\/","title":{"rendered":"Feira do Procon An\u00e1polis j\u00e1 renegociou mais de meio milh\u00e3o em d\u00edvidas"},"content":{"rendered":"<p>Para muitos consumidores endividados, honrar com os compromissos \u00e9 uma tarefa complicada. E \u00e9 justamente por isso que o Procon An\u00e1polis resolveu dar uma m\u00e3ozinha a essas pessoas com a Feira de Renegocia\u00e7\u00e3o de D\u00edvidas, que acontece at\u00e9 amanh\u00e3, 12, em frente ao \u00f3rg\u00e3o. Mais de 20 empresas participam nesta segunda edi\u00e7\u00e3o, que, ao contr\u00e1rio da primeira \u2013online \u2013, conta com a parceria da Associa\u00e7\u00e3o Comercial e Industrial de An\u00e1polis (Acia) e C\u00e2mara de Dirigentes Lojistas de An\u00e1polis (CDL).<\/p>\n<p>Nos tr\u00eas primeiros dias de evento, foram negociados R$ 592.942,11 em quase 300 atendimentos. A empresa que mais recebeu consumidores foi a Enel, que atendeu 63 cidad\u00e3os e o valor renegociado foi de mais de R$ 156 mil. O diretor Municipal do Procon de An\u00e1polis, Wilson Velasco, disse que a Feira est\u00e1 atendendo \u00e0s expectativas. \u201cO \u00faltimo prazo \u00e9 nesta sexta-feira, e sabendo que normalmente as pessoas deixam tudo para a \u00faltima hora, esperamos mais p\u00fablico para amanh\u00e3\u201d, diz o diretor, que orienta as pessoas a chegarem mais cedo para n\u00e3o formarem filas.<\/p>\n<p>O processo \u00e9 tranquilo. Assim que o consumidor chega at\u00e9 o local, ele passa por uma triagem, onde preenche uma ficha com seus dados preliminares e a empresa com a qual deseja negociar o d\u00e9bito e, por fim, recebe uma senha. \u201cV\u00e1rias empresas mandaram representantes para fazer o atendimento no Procon. Os cidad\u00e3os est\u00e3o sendo atendidos em uma m\u00e9dia de 20 minutos, dependendo da empresa que far\u00e1 a negocia\u00e7\u00e3o\u201d, ressalta o diretor.<\/p>\n<p>O ajudante de motorista, Welton Costa Cardoso, foi \u00e0 Feira para renegociar uma d\u00edvida que tinha com a Riachuelo no valor de R$ 200 no cart\u00e3o e R$ 600 do empr\u00e9stimo que fez com a mesma loja de departamento. \u201cConsegui negociar a do cart\u00e3o e agora vou tentar a outra d\u00edvida.\u201d De acordo com ele, a iniciativa vai ajud\u00e1-lo muito, mesmo porque j\u00e1 tinha tentado negociar na pr\u00f3pria loja e n\u00e3o deu certo.<\/p>\n<p>A atendente do Procon An\u00e1polis, Rayane Lopes da Silva, que estava negociando com Welton, disse que est\u00e1 tendo uma resposta muito boa nas negocia\u00e7\u00f5es. \u201cOs consumidores est\u00e3o saindo daqui muito satisfeitos com a iniciativa de poder passar o final do ano sem d\u00edvidas e poder aproveitar para fazer compras para o Natal\u201d, ressaltou a funcion\u00e1ria.<\/p>\n<p>\u201cTemos visto a ades\u00e3o do p\u00fablico e entendo que a feira \u00e9 positiva no sentido de resgatar primeiro a cidadania e a dignidade do consumidor, que tem, na maioria das vezes, apenas o seu nome e o seu CPF como patrim\u00f4nio\u201d, ressalta o diretor, que tamb\u00e9m alerta que essa a\u00e7\u00e3o favorece tamb\u00e9m as empresas porque s\u00e3o d\u00e9bitos que estavam tidos como perdidos.<\/p>\n<p>No segundo piso ficam as mesas de atendimento com os gerentes dos bancos preparados para fechar os neg\u00f3cios. Tem ainda a Caixa Econ\u00f4mica Federal que mandou o caminh\u00e3o azul \u2013 como \u00e9 chamado \u2013 com toda a estrutura negocial para atender os presentes. A Enel tamb\u00e9m levou o seu furg\u00e3o onde os atendimentos tamb\u00e9m est\u00e3o sendo feitos.<\/p>\n<p>\u201cA negocia\u00e7\u00e3o do comerciante que investe e aposta na cidade de An\u00e1polis faz com que o munic\u00edpio volte a ter circula\u00e7\u00e3o de capital, devolve novos consumidores para cidade e, principalmente no per\u00edodo de fim de ano, onde temos o ingresso de valores expressivos na economia pelo d\u00e9cimo terceiro\u201d. Dessa forma, ganha o com\u00e9rcio e tamb\u00e9m os anapolinos, que ter\u00e3o a oportunidade de ter um Natal sem d\u00edvidas e poder\u00e3o at\u00e9 se dar o luxo de presentear a fam\u00edlia em uma \u00e9poca t\u00e3o importante.<\/p>\n","protected":false},"excerpt":{"rendered":"<p>Para muitos consumidores endividados, honrar com os compromissos \u00e9 uma tarefa complicada. E \u00e9 justamente por isso que o Procon An\u00e1polis resolveu dar uma m\u00e3ozinha a essas pessoas com a Feira de Renegocia\u00e7\u00e3o de D\u00edvidas, que acontece at\u00e9 amanh\u00e3, 12, em frente ao \u00f3rg\u00e3o. Mais de 20 empresas participam nesta segunda edi\u00e7\u00e3o, que, ao contr\u00e1rio &hellip;<\/p>\n","protected":false},"author":3,"featured_media":63471,"comment_status":"open","ping_status":"open","sticky":false,"template":"","format":"standard","meta":{"footnotes":""},"categories":[18,19,4],"tags":[],"class_list":["post-63470","post","type-post","status-publish","format-standard","has-post-thumbnail","hentry","category-anapolis","category-manchete","category-ultimas-noticias"],"_links":{"self":[{"href":"https:\/\/goiasemtempo.com.br\/home\/wp-json\/wp\/v2\/posts\/63470","targetHints":{"allow":["GET"]}}],"collection":[{"href":"https:\/\/goiasemtempo.com.br\/home\/wp-json\/wp\/v2\/posts"}],"about":[{"href":"https:\/\/goiasemtempo.com.br\/home\/wp-json\/wp\/v2\/types\/post"}],"author":[{"embeddable":true,"href":"https:\/\/goiasemtempo.com.br\/home\/wp-json\/wp\/v2\/users\/3"}],"replies":[{"embeddable":true,"href":"https:\/\/goiasemtempo.com.br\/home\/wp-json\/wp\/v2\/comments?post=63470"}],"version-history":[{"count":1,"href":"https:\/\/goiasemtempo.com.br\/home\/wp-json\/wp\/v2\/posts\/63470\/revisions"}],"predecessor-version":[{"id":63472,"href":"https:\/\/goiasemtempo.com.br\/home\/wp-json\/wp\/v2\/posts\/63470\/revisions\/63472"}],"wp:featuredmedia":[{"embeddable":true,"href":"https:\/\/goiasemtempo.com.br\/home\/wp-json\/wp\/v2\/media\/63471"}],"wp:attachment":[{"href":"https:\/\/goiasemtempo.com.br\/home\/wp-json\/wp\/v2\/media?parent=63470"}],"wp:term":[{"taxonomy":"category","embeddable":true,"href":"https:\/\/goiasemtempo.com.br\/home\/wp-json\/wp\/v2\/categories?post=63470"},{"taxonomy":"post_tag","embeddable":true,"href":"https:\/\/goiasemtempo.com.br\/home\/wp-json\/wp\/v2\/tags?post=63470"}],"curies":[{"name":"wp","href":"https:\/\/api.w.org\/{rel}","templated":true}]}}