{"id":63437,"date":"2021-11-08T19:22:23","date_gmt":"2021-11-08T19:22:23","guid":{"rendered":"http:\/\/goiasemtempo.com.br\/home\/?p=63437"},"modified":"2021-11-08T19:22:23","modified_gmt":"2021-11-08T19:22:23","slug":"hospital-onde-marilia-mendonca-nasceu-recebera-nome-da-cantora-em-cristianopolis","status":"publish","type":"post","link":"https:\/\/goiasemtempo.com.br\/home\/hospital-onde-marilia-mendonca-nasceu-recebera-nome-da-cantora-em-cristianopolis\/","title":{"rendered":"Hospital onde Mar\u00edlia Mendon\u00e7a nasceu receber\u00e1 nome da cantora, em Cristian\u00f3polis"},"content":{"rendered":"<p>Em entrevista \u00e0 Bandeirantes na manh\u00e3 desta segunda-feira (8), a prefeita de Cristian\u00f3polis, Juliana Izabel \u2013 conhecida como Juliana da Farm\u00e1cia (DEM) -, informou que o Hospital Municipal da cidade, onde a cantora Mar\u00edlia Mendon\u00e7a nasceu, receber\u00e1 o nome da artista, ap\u00f3s o fim de reformas que est\u00e3o em andamento. O munic\u00edpio fica a cerca de 90 km de Goi\u00e2nia.<\/p>\n<p>Segundo a prefeita, a inten\u00e7\u00e3o \u00e9 homenagear a cantora que nasceu em Cristian\u00f3polis, em 1995. \u201cEsse hospital j\u00e1 tem mais de 30 anos. N\u00f3s estamos terminando, vamos fazer essa homenagem para ela e j\u00e1 inaugurar o hospital e o centro cir\u00fargico tamb\u00e9m\u201d, disse Juliana.<\/p>\n<p>Um projeto de lei de autoria da prefeitura ser\u00e1 encaminhado \u00e0 C\u00e2mara Municipal da cidade para dar o nome de Mar\u00edlia Mendon\u00e7a ao hospital. Ainda de acordo com a prefeita, assim que o projeto for aprovado e o hospital terminado, a inaugura\u00e7\u00e3o ter\u00e1 a presen\u00e7a do governador Ronaldo Caiado (DEM).<\/p>\n","protected":false},"excerpt":{"rendered":"<p>Em entrevista \u00e0 Bandeirantes na manh\u00e3 desta segunda-feira (8), a prefeita de Cristian\u00f3polis, Juliana Izabel \u2013 conhecida como Juliana da Farm\u00e1cia (DEM) -, informou que o Hospital Municipal da cidade, onde a cantora Mar\u00edlia Mendon\u00e7a nasceu, receber\u00e1 o nome da artista, ap\u00f3s o fim de reformas que est\u00e3o em andamento. O munic\u00edpio fica a cerca &hellip;<\/p>\n","protected":false},"author":3,"featured_media":63438,"comment_status":"open","ping_status":"open","sticky":false,"template":"","format":"standard","meta":{"_exactmetrics_skip_tracking":false,"_exactmetrics_sitenote_active":false,"_exactmetrics_sitenote_note":"","_exactmetrics_sitenote_category":0,"footnotes":""},"categories":[7,19,66],"tags":[],"_links":{"self":[{"href":"https:\/\/goiasemtempo.com.br\/home\/wp-json\/wp\/v2\/posts\/63437"}],"collection":[{"href":"https:\/\/goiasemtempo.com.br\/home\/wp-json\/wp\/v2\/posts"}],"about":[{"href":"https:\/\/goiasemtempo.com.br\/home\/wp-json\/wp\/v2\/types\/post"}],"author":[{"embeddable":true,"href":"https:\/\/goiasemtempo.com.br\/home\/wp-json\/wp\/v2\/users\/3"}],"replies":[{"embeddable":true,"href":"https:\/\/goiasemtempo.com.br\/home\/wp-json\/wp\/v2\/comments?post=63437"}],"version-history":[{"count":1,"href":"https:\/\/goiasemtempo.com.br\/home\/wp-json\/wp\/v2\/posts\/63437\/revisions"}],"predecessor-version":[{"id":63439,"href":"https:\/\/goiasemtempo.com.br\/home\/wp-json\/wp\/v2\/posts\/63437\/revisions\/63439"}],"wp:featuredmedia":[{"embeddable":true,"href":"https:\/\/goiasemtempo.com.br\/home\/wp-json\/wp\/v2\/media\/63438"}],"wp:attachment":[{"href":"https:\/\/goiasemtempo.com.br\/home\/wp-json\/wp\/v2\/media?parent=63437"}],"wp:term":[{"taxonomy":"category","embeddable":true,"href":"https:\/\/goiasemtempo.com.br\/home\/wp-json\/wp\/v2\/categories?post=63437"},{"taxonomy":"post_tag","embeddable":true,"href":"https:\/\/goiasemtempo.com.br\/home\/wp-json\/wp\/v2\/tags?post=63437"}],"curies":[{"name":"wp","href":"https:\/\/api.w.org\/{rel}","templated":true}]}}