{"id":63371,"date":"2021-11-02T15:09:23","date_gmt":"2021-11-02T15:09:23","guid":{"rendered":"http:\/\/goiasemtempo.com.br\/home\/?p=63371"},"modified":"2021-11-02T15:09:23","modified_gmt":"2021-11-02T15:09:23","slug":"lorenzoni-assina-portaria-proibindo-demissao-de-trabalhador-que-nao-se-vacinar-contra-a-covid-19","status":"publish","type":"post","link":"https:\/\/goiasemtempo.com.br\/home\/lorenzoni-assina-portaria-proibindo-demissao-de-trabalhador-que-nao-se-vacinar-contra-a-covid-19\/","title":{"rendered":"Lorenzoni assina portaria proibindo demiss\u00e3o de trabalhador que n\u00e3o se vacinar contra a Covid-19"},"content":{"rendered":"<p>Portaria publicada nesta segunda-feira (01) pro\u00edbe a demiss\u00e3o de trabalhadores que decidirem n\u00e3o ser vacinar contra Covid-19. O documento \u00e9 assinado pelo ministro do Trabalho, Onyx Lorenzoni, que considera a medida uma \u201cpr\u00e1tica discriminat\u00f3ria\u201d.<\/p>\n<p>Segundo a norma, o empregador pode estabelecer orienta\u00e7\u00e3oes e incentivar a vacina\u00e7\u00e3o de seus trabalhadores para mitigar os riscos de transmiss\u00e3o da doen\u00e7a. Contudo, n\u00e3o podem demitir por justa causa quem n\u00e3o apresentar carteira de vacina\u00e7\u00e3o.<\/p>\n<p>Publicada em edi\u00e7\u00e3o extra do Di\u00e1rio Oficial da Uni\u00e3o, a portaria determina ainda o ressarcimento dos trabalhadores que tiverem a rela\u00e7\u00e3o de trabalho interrompida por \u201cato discriminat\u00f3rio\u201d. Segundo o texto, esses trabalhadores t\u00eam direito \u00e0 repara\u00e7\u00e3o por dano moral e podem escolher a reintegra\u00e7\u00e3o com o ressarcimento integral de todo o per\u00edodo de afastamento, mediante pagamento das remunera\u00e7\u00e3os devidas, corrigidas monetariamente e acrescidas de juros legais. Ou podem optar por receberem em dobro a remunera\u00e7\u00e3o do per\u00edodo de afastamento, corrigida monetariamente e acrescida de juros legais.<\/p>\n<p>Para o ministro, a escolha se vai receber ou n\u00e3o a vacina pertence apenas ao cidad\u00e3o. \u201cA escolha est\u00e1 no \u00e2mbito da sua liberdade individual e isso tem de ser respeitado\u201d, diz.<\/p>\n<p>&nbsp;<\/p>\n","protected":false},"excerpt":{"rendered":"<p>Portaria publicada nesta segunda-feira (01) pro\u00edbe a demiss\u00e3o de trabalhadores que decidirem n\u00e3o ser vacinar contra Covid-19. O documento \u00e9 assinado pelo ministro do Trabalho, Onyx Lorenzoni, que considera a medida uma \u201cpr\u00e1tica discriminat\u00f3ria\u201d. Segundo a norma, o empregador pode estabelecer orienta\u00e7\u00e3oes e incentivar a vacina\u00e7\u00e3o de seus trabalhadores para mitigar os riscos de transmiss\u00e3o &hellip;<\/p>\n","protected":false},"author":3,"featured_media":63372,"comment_status":"open","ping_status":"open","sticky":false,"template":"","format":"standard","meta":{"footnotes":""},"categories":[6,4],"tags":[],"class_list":["post-63371","post","type-post","status-publish","format-standard","has-post-thumbnail","hentry","category-brasil","category-ultimas-noticias"],"_links":{"self":[{"href":"https:\/\/goiasemtempo.com.br\/home\/wp-json\/wp\/v2\/posts\/63371","targetHints":{"allow":["GET"]}}],"collection":[{"href":"https:\/\/goiasemtempo.com.br\/home\/wp-json\/wp\/v2\/posts"}],"about":[{"href":"https:\/\/goiasemtempo.com.br\/home\/wp-json\/wp\/v2\/types\/post"}],"author":[{"embeddable":true,"href":"https:\/\/goiasemtempo.com.br\/home\/wp-json\/wp\/v2\/users\/3"}],"replies":[{"embeddable":true,"href":"https:\/\/goiasemtempo.com.br\/home\/wp-json\/wp\/v2\/comments?post=63371"}],"version-history":[{"count":1,"href":"https:\/\/goiasemtempo.com.br\/home\/wp-json\/wp\/v2\/posts\/63371\/revisions"}],"predecessor-version":[{"id":63373,"href":"https:\/\/goiasemtempo.com.br\/home\/wp-json\/wp\/v2\/posts\/63371\/revisions\/63373"}],"wp:featuredmedia":[{"embeddable":true,"href":"https:\/\/goiasemtempo.com.br\/home\/wp-json\/wp\/v2\/media\/63372"}],"wp:attachment":[{"href":"https:\/\/goiasemtempo.com.br\/home\/wp-json\/wp\/v2\/media?parent=63371"}],"wp:term":[{"taxonomy":"category","embeddable":true,"href":"https:\/\/goiasemtempo.com.br\/home\/wp-json\/wp\/v2\/categories?post=63371"},{"taxonomy":"post_tag","embeddable":true,"href":"https:\/\/goiasemtempo.com.br\/home\/wp-json\/wp\/v2\/tags?post=63371"}],"curies":[{"name":"wp","href":"https:\/\/api.w.org\/{rel}","templated":true}]}}