{"id":63294,"date":"2021-10-29T14:06:42","date_gmt":"2021-10-29T14:06:42","guid":{"rendered":"http:\/\/goiasemtempo.com.br\/home\/?p=63294"},"modified":"2021-10-29T14:06:42","modified_gmt":"2021-10-29T14:06:42","slug":"governo-proibe-uso-de-linguagem-neutra-em-projetos-financiados-pela-lei-rouanet","status":"publish","type":"post","link":"https:\/\/goiasemtempo.com.br\/home\/governo-proibe-uso-de-linguagem-neutra-em-projetos-financiados-pela-lei-rouanet\/","title":{"rendered":"Governo pro\u00edbe uso de linguagem neutra em projetos financiados pela Lei Rouanet"},"content":{"rendered":"<p>Portaria assinada pelo secret\u00e1rio especial de Cultura do governo Bolsonaro, M\u00e1rio Frias, e publicada na edi\u00e7\u00e3o desta quinta-feira (29) do Di\u00e1rio Oficial da Uni\u00e3o pro\u00edbe o uso da chamada \u201clinguagem neutra\u201d em projetos financiados pela lei Rouanet. Esta linguagem \u00e9 marcada pela substitui\u00e7\u00e3o de artigos e desin\u00eancias masculinos e femininos pelas letras \u201cx\u201d e \u201ce\u201d.<\/p>\n<p>\u201cFica vedado o uso e\/ou utiliza\u00e7\u00e3o, direta ou indiretamente, al\u00e9m da apologia, do que se convencionou chamar de linguagem neutra\u201d, diz a portaria. A\u00a0<a href=\"https:\/\/oglobo.globo.com\/brasil\/educacao\/em-ao-menos-14-estados-bolsonaristas-querem-proibir-uso-de-linguagem-neutra-nas-escolas-1-25120887\" target=\"_blank\" rel=\"noopener\">linguagem neutra<\/a>\u00a0\u2014 tamb\u00e9m chamada de \u201cpronome neutro\u201d, \u201clinguagem n\u00e3o bin\u00e1ria\u201d ou \u201cneolinguagem\u201d \u2014 \u00e9 a proposta de adapta\u00e7\u00e3o da l\u00edngua portuguesa para que as pessoas\u00a0<a href=\"https:\/\/oglobo.globo.com\/brasil\/pronome-nao-binario-they-escolhido-como-palavra-do-ano-pelo-dicionario-webster-24131273\" target=\"_blank\" rel=\"noopener\">n\u00e3o bin\u00e1rias<\/a>\u00a0(quem n\u00e3o se identifica nem com o g\u00eanero masculino nem com o feminino) se sintam representadas. Assim, \u201camigo\u201d ou \u201camiga\u201d virariam \u201camigue\u201d ou \u201camigx\u201d, segundo uma das propostas. As palavras \u201ctodos\u201d ou \u201ctodas\u201d seriam substitu\u00eddas, da mesma forma, por \u201ctodes\u201d ou \u201ctodxs\u201d.<\/p>\n<div class=\"article__embed-container\">\n<div class=\"embed-social\">\n<p>&nbsp;<\/p>\n<div class=\"twitter-tweet twitter-tweet-rendered\"><iframe id=\"twitter-widget-0\" class=\"\" title=\"Twitter Tweet\" src=\"https:\/\/platform.twitter.com\/embed\/Tweet.html?dnt=false&amp;embedId=twitter-widget-0&amp;features=eyJ0ZndfZXhwZXJpbWVudHNfY29va2llX2V4cGlyYXRpb24iOnsiYnVja2V0IjoxMjA5NjAwLCJ2ZXJzaW9uIjpudWxsfSwidGZ3X2hvcml6b25fdHdlZXRfZW1iZWRfOTU1NSI6eyJidWNrZXQiOiJodGUiLCJ2ZXJzaW9uIjpudWxsfSwidGZ3X3NwYWNlX2NhcmQiOnsiYnVja2V0Ijoib2ZmIiwidmVyc2lvbiI6bnVsbH19&amp;frame=false&amp;hideCard=false&amp;hideThread=false&amp;id=1453697242326618115&amp;lang=pt&amp;origin=https%3A%2F%2Foglobo.globo.com%2Fcultura%2Ftodes-nao-pode-governo-proibe-uso-de-linguagem-neutra-em-projetos-financiados-pela-lei-rouanet-25255165&amp;sessionId=5f6e8f9b1ac847d7a154fbf656151ea62cd05edd&amp;siteScreenName=JornalOGlobo&amp;theme=light&amp;widgetsVersion=f001879%3A1634581029404&amp;width=550px\" frameborder=\"0\" scrolling=\"no\" allowfullscreen=\"allowfullscreen\" data-tweet-id=\"1453697242326618115\" data-mce-fragment=\"1\"><\/iframe><\/div>\n<p>&nbsp;<\/p>\n<\/div>\n<\/div>\n<p>Frias comentou o assunto no Twitter e disse que a linguagem \u00e9, na opini\u00e3o, amea\u00e7a que pode \u201cdestruir\u201d a l\u00edngua portuguesa. \u201cO objetivo\u00a0<em>(da portaria que pro\u00edbe o uso da linguagem neutra)<\/em>\u00a0\u00e9 garantir a ampla frui\u00e7\u00e3o dos bens culturais, n\u00e3o permitindo que uma imposi\u00e7\u00e3o de cima para baixo inviabilize ou dificulte o acesso \u00e0 cultura\u201d, escreveu osecret\u00e1rio em outro tu\u00edte.<\/p>\n<p>J\u00e1 existem propostas que impedem o uso desse recurso nas escolas em 14 estados. Em Santa Catarina, a ideia j\u00e1 virou at\u00e9 decreto.<\/p>\n<div id=\"taboola-slider\">\n<div id=\"taboola-below-article-thumbnails-reco-reel\" class=\" trc_related_container trc_spotlight_widget trc_elastic trc_elastic_rec-reel-2n5-a \" data-placement-name=\"Below Article Thumbnails Reco Reel\">\n<div class=\"trc_rbox_container tbl-reco-reel story-widget  tbl-reco-reel-desktop tbl-story-desktop \">\n<div><\/div>\n<\/div>\n<\/div>\n<\/div>\n<p>O bra\u00e7o-direito do secret\u00e1rio M\u00e1rio Frias, Andr\u00e9 Porciuncula, afirmou tamb\u00e9m no Twitter que \u201ca linguagem neutra (que n\u00e3o \u00e9 linguagem) est\u00e1 destruindo os materiais lingu\u00edsticos necess\u00e1rios para a manuten\u00e7\u00e3o e difus\u00e3o da cultura\u201d.<\/p>\n<div class=\"article__embed-container\">\n<div class=\"embed-social\">\n<p>&nbsp;<\/p>\n<div class=\"twitter-tweet twitter-tweet-rendered\"><iframe id=\"twitter-widget-1\" class=\"\" title=\"Twitter Tweet\" src=\"https:\/\/platform.twitter.com\/embed\/Tweet.html?dnt=false&amp;embedId=twitter-widget-1&amp;features=eyJ0ZndfZXhwZXJpbWVudHNfY29va2llX2V4cGlyYXRpb24iOnsiYnVja2V0IjoxMjA5NjAwLCJ2ZXJzaW9uIjpudWxsfSwidGZ3X2hvcml6b25fdHdlZXRfZW1iZWRfOTU1NSI6eyJidWNrZXQiOiJodGUiLCJ2ZXJzaW9uIjpudWxsfSwidGZ3X3NwYWNlX2NhcmQiOnsiYnVja2V0Ijoib2ZmIiwidmVyc2lvbiI6bnVsbH19&amp;frame=false&amp;hideCard=false&amp;hideThread=false&amp;id=1453697335826001930&amp;lang=pt&amp;origin=https%3A%2F%2Foglobo.globo.com%2Fcultura%2Ftodes-nao-pode-governo-proibe-uso-de-linguagem-neutra-em-projetos-financiados-pela-lei-rouanet-25255165&amp;sessionId=5f6e8f9b1ac847d7a154fbf656151ea62cd05edd&amp;siteScreenName=JornalOGlobo&amp;theme=light&amp;widgetsVersion=f001879%3A1634581029404&amp;width=550px\" frameborder=\"0\" scrolling=\"no\" allowfullscreen=\"allowfullscreen\" data-tweet-id=\"1453697335826001930\" data-mce-fragment=\"1\"><\/iframe><\/div>\n<p>&nbsp;<\/p>\n<\/div>\n<\/div>\n<p>\u201cO uso de signos inintelig\u00edveis, cujo objeto \u00e9 mera bandeira ideol\u00f3gica, impede a frui\u00e7\u00e3o da cultura e seus produtos, pois interrompe o processo de comunica\u00e7\u00e3o da l\u00edngua\u201d, frisou ele, ao justificar a medida.<\/p>\n<p>Porciuncula defende, no mesmo tu\u00edte, que a linguagem neutra exclui a popula\u00e7\u00e3o, \u201cprincipalmente aqueles que s\u00e3o deficientes visuais e auditivos, os quais n\u00e3o podem contar com a tradu\u00e7\u00e3o dos programas de computa\u00e7\u00e3o, que permitem a acessibilidade, uma vez que os mesmos n\u00e3o s\u00e3o capazes de identificar o expediente da \u2018linguagem\u2019 neutra\u201d.<\/p>\n","protected":false},"excerpt":{"rendered":"<p>Portaria assinada pelo secret\u00e1rio especial de Cultura do governo Bolsonaro, M\u00e1rio Frias, e publicada na edi\u00e7\u00e3o desta quinta-feira (29) do Di\u00e1rio Oficial da Uni\u00e3o pro\u00edbe o uso da chamada \u201clinguagem neutra\u201d em projetos financiados pela lei Rouanet. Esta linguagem \u00e9 marcada pela substitui\u00e7\u00e3o de artigos e desin\u00eancias masculinos e femininos pelas letras \u201cx\u201d e \u201ce\u201d. &hellip;<\/p>\n","protected":false},"author":3,"featured_media":63295,"comment_status":"open","ping_status":"open","sticky":false,"template":"","format":"standard","meta":{"footnotes":""},"categories":[4],"tags":[],"class_list":["post-63294","post","type-post","status-publish","format-standard","has-post-thumbnail","hentry","category-ultimas-noticias"],"_links":{"self":[{"href":"https:\/\/goiasemtempo.com.br\/home\/wp-json\/wp\/v2\/posts\/63294","targetHints":{"allow":["GET"]}}],"collection":[{"href":"https:\/\/goiasemtempo.com.br\/home\/wp-json\/wp\/v2\/posts"}],"about":[{"href":"https:\/\/goiasemtempo.com.br\/home\/wp-json\/wp\/v2\/types\/post"}],"author":[{"embeddable":true,"href":"https:\/\/goiasemtempo.com.br\/home\/wp-json\/wp\/v2\/users\/3"}],"replies":[{"embeddable":true,"href":"https:\/\/goiasemtempo.com.br\/home\/wp-json\/wp\/v2\/comments?post=63294"}],"version-history":[{"count":1,"href":"https:\/\/goiasemtempo.com.br\/home\/wp-json\/wp\/v2\/posts\/63294\/revisions"}],"predecessor-version":[{"id":63296,"href":"https:\/\/goiasemtempo.com.br\/home\/wp-json\/wp\/v2\/posts\/63294\/revisions\/63296"}],"wp:featuredmedia":[{"embeddable":true,"href":"https:\/\/goiasemtempo.com.br\/home\/wp-json\/wp\/v2\/media\/63295"}],"wp:attachment":[{"href":"https:\/\/goiasemtempo.com.br\/home\/wp-json\/wp\/v2\/media?parent=63294"}],"wp:term":[{"taxonomy":"category","embeddable":true,"href":"https:\/\/goiasemtempo.com.br\/home\/wp-json\/wp\/v2\/categories?post=63294"},{"taxonomy":"post_tag","embeddable":true,"href":"https:\/\/goiasemtempo.com.br\/home\/wp-json\/wp\/v2\/tags?post=63294"}],"curies":[{"name":"wp","href":"https:\/\/api.w.org\/{rel}","templated":true}]}}