{"id":63170,"date":"2021-10-24T17:36:35","date_gmt":"2021-10-24T17:36:35","guid":{"rendered":"https:\/\/goiasemtempo.com.br\/home\/?p=63170"},"modified":"2021-10-24T17:36:35","modified_gmt":"2021-10-24T17:36:35","slug":"caiado-surge-em-show-de-gusttavo-lima-e-realiza-sonho-de-estudante-com-deficiencia-visual","status":"publish","type":"post","link":"https:\/\/goiasemtempo.com.br\/home\/caiado-surge-em-show-de-gusttavo-lima-e-realiza-sonho-de-estudante-com-deficiencia-visual\/","title":{"rendered":"Caiado surge em show de Gusttavo Lima e realiza sonho de estudante com defici\u00eancia visual"},"content":{"rendered":"<p>O cantor Gusttavo Lima promoveu neste s\u00e1bado (23) um show para 15 mil pessoas, em evento-teste no est\u00e1dio Serra Dourada, em Goi\u00e2nia. Entre os presentes estava o governador Ronaldo Caiado (DEM), acompanhado da estudante Jana\u00edna Tavares, de 15 anos.<\/p>\n<p>A menina, que quer ser cantora e tinha o sonho de conhecer o cantor sertanejo, \u00e9 deficiente visual e faz parte dos estudantes da rede estadual de ensino. Ela fez o pedido ao governador durante evento de entrega de dispositivos de leitura para alunos que vivem na mesma condi\u00e7\u00e3o. Com os \u00f3culos israelenses de leitura inteligente, Jana\u00edna e outros estudantes podem acompanhar as aulas sem precisar do braile.<\/p>\n<p>Al\u00e9m de ressaltar que cumpriu a promessa feita \u00e0 jovem, em post nas redes sociais, Caiado disse que est\u00e1 orgulhoso da apresenta\u00e7\u00e3o de Gusttavo Lima, que marca a retomada do setor do entretenimento. \u201cTodos os protocolos sanit\u00e1rios foram respeitados, do jeito que deve ser. E assim vamos retomando nossas vidas com muito cuidado e responsabilidade\u201d, escreveu.<\/p>\n<p>&nbsp;<\/p>\n","protected":false},"excerpt":{"rendered":"<p>O cantor Gusttavo Lima promoveu neste s\u00e1bado (23) um show para 15 mil pessoas, em evento-teste no est\u00e1dio Serra Dourada, em Goi\u00e2nia. Entre os presentes estava o governador Ronaldo Caiado (DEM), acompanhado da estudante Jana\u00edna Tavares, de 15 anos. A menina, que quer ser cantora e tinha o sonho de conhecer o cantor sertanejo, \u00e9 &hellip;<\/p>\n","protected":false},"author":3,"featured_media":63168,"comment_status":"open","ping_status":"open","sticky":false,"template":"","format":"standard","meta":{"_exactmetrics_skip_tracking":false,"_exactmetrics_sitenote_active":false,"_exactmetrics_sitenote_note":"","_exactmetrics_sitenote_category":0,"footnotes":""},"categories":[15,19],"tags":[],"_links":{"self":[{"href":"https:\/\/goiasemtempo.com.br\/home\/wp-json\/wp\/v2\/posts\/63170"}],"collection":[{"href":"https:\/\/goiasemtempo.com.br\/home\/wp-json\/wp\/v2\/posts"}],"about":[{"href":"https:\/\/goiasemtempo.com.br\/home\/wp-json\/wp\/v2\/types\/post"}],"author":[{"embeddable":true,"href":"https:\/\/goiasemtempo.com.br\/home\/wp-json\/wp\/v2\/users\/3"}],"replies":[{"embeddable":true,"href":"https:\/\/goiasemtempo.com.br\/home\/wp-json\/wp\/v2\/comments?post=63170"}],"version-history":[{"count":1,"href":"https:\/\/goiasemtempo.com.br\/home\/wp-json\/wp\/v2\/posts\/63170\/revisions"}],"predecessor-version":[{"id":63171,"href":"https:\/\/goiasemtempo.com.br\/home\/wp-json\/wp\/v2\/posts\/63170\/revisions\/63171"}],"wp:featuredmedia":[{"embeddable":true,"href":"https:\/\/goiasemtempo.com.br\/home\/wp-json\/wp\/v2\/media\/63168"}],"wp:attachment":[{"href":"https:\/\/goiasemtempo.com.br\/home\/wp-json\/wp\/v2\/media?parent=63170"}],"wp:term":[{"taxonomy":"category","embeddable":true,"href":"https:\/\/goiasemtempo.com.br\/home\/wp-json\/wp\/v2\/categories?post=63170"},{"taxonomy":"post_tag","embeddable":true,"href":"https:\/\/goiasemtempo.com.br\/home\/wp-json\/wp\/v2\/tags?post=63170"}],"curies":[{"name":"wp","href":"https:\/\/api.w.org\/{rel}","templated":true}]}}