{"id":63160,"date":"2021-10-23T16:54:56","date_gmt":"2021-10-23T16:54:56","guid":{"rendered":"http:\/\/goiasemtempo.com.br\/home\/?p=63160"},"modified":"2021-10-23T16:54:56","modified_gmt":"2021-10-23T16:54:56","slug":"prefeitura-de-anapolis-contrata-medicos-dentistas-e-outros-profissionais-da-saude","status":"publish","type":"post","link":"https:\/\/goiasemtempo.com.br\/home\/prefeitura-de-anapolis-contrata-medicos-dentistas-e-outros-profissionais-da-saude\/","title":{"rendered":"Prefeitura de An\u00e1polis contrata m\u00e9dicos, dentistas e outros profissionais da sa\u00fade"},"content":{"rendered":"<p>A Prefeitura de An\u00e1polis, por meio da Secretaria Municipal de Sa\u00fade, abriu credenciamento para contrata\u00e7\u00e3o de profissionais de sa\u00fade para a Estrat\u00e9gia de Sa\u00fade da Fam\u00edlia, o Centro de Especialidades Odontol\u00f3gicas (CEO) e o Centro de Refer\u00eancia em Sa\u00fade do Trabalhador (Cerest). As inscri\u00e7\u00f5es come\u00e7aram nesta sexta-feira, 22, pelo link credenciasaude.anapolis.go.gov.br e v\u00e3o at\u00e9 o dia 26 de outubro, \u00e0s 23h59.<\/p>\n<p>S\u00e3o vagas para m\u00e9dico cl\u00ednico geral, t\u00e9cnicos de enfermagem, auxiliares de sa\u00fade bucal e cirurgi\u00f5es-dentistas (cl\u00ednico, protesista, endodontista, periodontista, odontopediatra, bucomaxilofacial e para pacientes especiais).<\/p>\n<p>O edital est\u00e1 publicado na edi\u00e7\u00e3o do Di\u00e1rio Oficial do Munic\u00edpio de An\u00e1polis desta quinta-feira, 21, e pode ser consultado pelo\u00a0<a href=\"https:\/\/diario.anapolis.go.gov.br\/dowebans\/page\/diarioOficial.jsf\">link<\/a>.<\/p>\n<p>&nbsp;<\/p>\n","protected":false},"excerpt":{"rendered":"<p>A Prefeitura de An\u00e1polis, por meio da Secretaria Municipal de Sa\u00fade, abriu credenciamento para contrata\u00e7\u00e3o de profissionais de sa\u00fade para a Estrat\u00e9gia de Sa\u00fade da Fam\u00edlia, o Centro de Especialidades Odontol\u00f3gicas (CEO) e o Centro de Refer\u00eancia em Sa\u00fade do Trabalhador (Cerest). As inscri\u00e7\u00f5es come\u00e7aram nesta sexta-feira, 22, pelo link credenciasaude.anapolis.go.gov.br e v\u00e3o at\u00e9 o &hellip;<\/p>\n","protected":false},"author":3,"featured_media":63161,"comment_status":"open","ping_status":"open","sticky":false,"template":"","format":"standard","meta":{"_exactmetrics_skip_tracking":false,"_exactmetrics_sitenote_active":false,"_exactmetrics_sitenote_note":"","_exactmetrics_sitenote_category":0,"footnotes":""},"categories":[18,19],"tags":[],"_links":{"self":[{"href":"https:\/\/goiasemtempo.com.br\/home\/wp-json\/wp\/v2\/posts\/63160"}],"collection":[{"href":"https:\/\/goiasemtempo.com.br\/home\/wp-json\/wp\/v2\/posts"}],"about":[{"href":"https:\/\/goiasemtempo.com.br\/home\/wp-json\/wp\/v2\/types\/post"}],"author":[{"embeddable":true,"href":"https:\/\/goiasemtempo.com.br\/home\/wp-json\/wp\/v2\/users\/3"}],"replies":[{"embeddable":true,"href":"https:\/\/goiasemtempo.com.br\/home\/wp-json\/wp\/v2\/comments?post=63160"}],"version-history":[{"count":1,"href":"https:\/\/goiasemtempo.com.br\/home\/wp-json\/wp\/v2\/posts\/63160\/revisions"}],"predecessor-version":[{"id":63162,"href":"https:\/\/goiasemtempo.com.br\/home\/wp-json\/wp\/v2\/posts\/63160\/revisions\/63162"}],"wp:featuredmedia":[{"embeddable":true,"href":"https:\/\/goiasemtempo.com.br\/home\/wp-json\/wp\/v2\/media\/63161"}],"wp:attachment":[{"href":"https:\/\/goiasemtempo.com.br\/home\/wp-json\/wp\/v2\/media?parent=63160"}],"wp:term":[{"taxonomy":"category","embeddable":true,"href":"https:\/\/goiasemtempo.com.br\/home\/wp-json\/wp\/v2\/categories?post=63160"},{"taxonomy":"post_tag","embeddable":true,"href":"https:\/\/goiasemtempo.com.br\/home\/wp-json\/wp\/v2\/tags?post=63160"}],"curies":[{"name":"wp","href":"https:\/\/api.w.org\/{rel}","templated":true}]}}