{"id":62951,"date":"2021-10-11T14:11:24","date_gmt":"2021-10-11T14:11:24","guid":{"rendered":"http:\/\/goiasemtempo.com.br\/home\/?p=62951"},"modified":"2021-10-11T14:14:12","modified_gmt":"2021-10-11T14:14:12","slug":"galvao-chamou-neymar-de-idiota-audio-vazado-gera-muita-especulacao","status":"publish","type":"post","link":"https:\/\/goiasemtempo.com.br\/home\/galvao-chamou-neymar-de-idiota-audio-vazado-gera-muita-especulacao\/","title":{"rendered":"Galv\u00e3o chamou Neymar de \u201cidiota\u201d? \u00c1udio vazado gera muita especula\u00e7\u00e3o"},"content":{"rendered":"<p><strong>S\u00e3o Paulo \u2013<\/strong>\u00a0O trecho final da transmiss\u00e3o da TV Globo, do empate entre Brasil e Col\u00f4mbia pelas Eliminat\u00f3rias da Copa, teve um \u00e1udio vazado em que parece que o locutor Galv\u00e3o Bueno chama Neymar de \u201cidiota\u201d. O trecho viralizou nas redes sociais na noite deste domingo (10\/10).<\/p>\n<div class=\"m-banner-wrap m-banner-rectangle m-publicity-content-middle\"><\/div>\n<p>O xingamento foi ouvido quando o rep\u00f3rter Eric Faria informava ao locutor que Neymar saiu de campo assim que o \u00e1rbitro deu o apito final, enquanto os outros jogadores continuaram em campo \u201cse cumprimentando\u201d. Logo depois que Eric fala de Neymar, \u00e9 poss\u00edvel ouvir algu\u00e9m falar \u201cidiota\u201d \u2013 pela voz e pelo momento de interlocu\u00e7\u00e3o, internautas deduzem que foi Galv\u00e3o.<\/p>\n<p dir=\"ltr\" lang=\"pt\">Eu vivi pra ver o dia que o Galv\u00e3o esqueceu de mutar o microfone e chamou o Neymar de idiota\u00a0<a href=\"https:\/\/t.co\/qwADb8On9f\" target=\"_blank\" rel=\"noopener\">pic.twitter.com\/qwADb8On9f<\/a><\/p>\n<p>\u2014 Cava (@CavaGCN)\u00a0<a href=\"https:\/\/twitter.com\/CavaGCN\/status\/1447336640905629702?ref_src=twsrc%5Etfw\" target=\"_blank\" rel=\"noopener\">October 10, 2021<\/a><\/p>\n<p dir=\"ltr\" lang=\"pt\">TRETA!!?? &#x1f6a8;<\/p>\n<p>Ap\u00f3s o Neymar sair de campo nitidamente de cabe\u00e7a quente, sem falar com ningu\u00e9m, o Galv\u00e3o Bueno o chamou de &#8220;Idiota&#8221; ao vivo.\u00a0<a href=\"https:\/\/t.co\/UKk4spUFlK\" target=\"_blank\" rel=\"noopener\">pic.twitter.com\/UKk4spUFlK<\/a><\/p>\n<div class=\"OUTBRAIN\" data-src=\"https:\/\/www.metropoles.com\/esportes\/galvao-chamou-neymar-de-idiota-audio-vazado-gera-especulacao\" data-widget-id=\"AR_6\" data-ob-template=\"metropoles\"><\/div>\n<p>\u2014 Futebol 24hrs (@futebol24hr_)\u00a0<a href=\"https:\/\/twitter.com\/futebol24hr_\/status\/1447344936907640836?ref_src=twsrc%5Etfw\" target=\"_blank\" rel=\"noopener\">October 10, 2021<\/a><\/p>\n<p>O influenciador Felipe Neto foi uma das pessoas que se surpreendeu com o \u00e1udio vazado.<\/p>\n<p>\u201cGente s\u00f3 eu ouvi o \u2018idiota\u2019 no final do jogo? Estou ficando louco?\u201d, questionou.<\/p>\n<p><iframe title=\"GALV\u00c3O BUENO CHAMA NEYMAR DE IDIOTA AO VIVO - Eric Faria fica sem rea\u00e7\u00e3o.\" width=\"708\" height=\"398\" src=\"https:\/\/www.youtube.com\/embed\/lY9nQfqP8G4?feature=oembed\" frameborder=\"0\" allow=\"accelerometer; autoplay; clipboard-write; encrypted-media; gyroscope; picture-in-picture\" allowfullscreen><\/iframe><\/p>\n<blockquote class=\"twitter-tweet\" data-width=\"550\" data-dnt=\"true\">\n<p lang=\"pt\" dir=\"ltr\">Eu vivi pra ver o dia que o Galv\u00e3o esqueceu de mutar o microfone e chamou o Neymar de idiota <a href=\"https:\/\/t.co\/qwADb8On9f\">pic.twitter.com\/qwADb8On9f<\/a><\/p>\n<p>&mdash; Cava (@CavaGCN) <a href=\"https:\/\/twitter.com\/CavaGCN\/status\/1447336640905629702?ref_src=twsrc%5Etfw\">October 10, 2021<\/a><\/p><\/blockquote>\n<p><script async src=\"https:\/\/platform.twitter.com\/widgets.js\" charset=\"utf-8\"><\/script><\/p>\n<p>&nbsp;<\/p>\n<p>&nbsp;<\/p>\n","protected":false},"excerpt":{"rendered":"<p>S\u00e3o Paulo \u2013\u00a0O trecho final da transmiss\u00e3o da TV Globo, do empate entre Brasil e Col\u00f4mbia pelas Eliminat\u00f3rias da Copa, teve um \u00e1udio vazado em que parece que o locutor Galv\u00e3o Bueno chama Neymar de \u201cidiota\u201d. O trecho viralizou nas redes sociais na noite deste domingo (10\/10). O xingamento foi ouvido quando o rep\u00f3rter Eric &hellip;<\/p>\n","protected":false},"author":3,"featured_media":62952,"comment_status":"open","ping_status":"open","sticky":false,"template":"","format":"standard","meta":{"_exactmetrics_skip_tracking":false,"_exactmetrics_sitenote_active":false,"_exactmetrics_sitenote_note":"","_exactmetrics_sitenote_category":0,"footnotes":""},"categories":[4],"tags":[],"_links":{"self":[{"href":"https:\/\/goiasemtempo.com.br\/home\/wp-json\/wp\/v2\/posts\/62951"}],"collection":[{"href":"https:\/\/goiasemtempo.com.br\/home\/wp-json\/wp\/v2\/posts"}],"about":[{"href":"https:\/\/goiasemtempo.com.br\/home\/wp-json\/wp\/v2\/types\/post"}],"author":[{"embeddable":true,"href":"https:\/\/goiasemtempo.com.br\/home\/wp-json\/wp\/v2\/users\/3"}],"replies":[{"embeddable":true,"href":"https:\/\/goiasemtempo.com.br\/home\/wp-json\/wp\/v2\/comments?post=62951"}],"version-history":[{"count":2,"href":"https:\/\/goiasemtempo.com.br\/home\/wp-json\/wp\/v2\/posts\/62951\/revisions"}],"predecessor-version":[{"id":62954,"href":"https:\/\/goiasemtempo.com.br\/home\/wp-json\/wp\/v2\/posts\/62951\/revisions\/62954"}],"wp:featuredmedia":[{"embeddable":true,"href":"https:\/\/goiasemtempo.com.br\/home\/wp-json\/wp\/v2\/media\/62952"}],"wp:attachment":[{"href":"https:\/\/goiasemtempo.com.br\/home\/wp-json\/wp\/v2\/media?parent=62951"}],"wp:term":[{"taxonomy":"category","embeddable":true,"href":"https:\/\/goiasemtempo.com.br\/home\/wp-json\/wp\/v2\/categories?post=62951"},{"taxonomy":"post_tag","embeddable":true,"href":"https:\/\/goiasemtempo.com.br\/home\/wp-json\/wp\/v2\/tags?post=62951"}],"curies":[{"name":"wp","href":"https:\/\/api.w.org\/{rel}","templated":true}]}}