{"id":62728,"date":"2021-09-24T14:14:17","date_gmt":"2021-09-24T14:14:17","guid":{"rendered":"https:\/\/goiasemtempo.com.br\/home\/?p=62728"},"modified":"2021-09-24T14:14:17","modified_gmt":"2021-09-24T14:14:17","slug":"caiado-anuncia-chegada-de-mais-de-188-mil-doses-de-vacinas-contra-a-covid-19-a-goias","status":"publish","type":"post","link":"https:\/\/goiasemtempo.com.br\/home\/caiado-anuncia-chegada-de-mais-de-188-mil-doses-de-vacinas-contra-a-covid-19-a-goias\/","title":{"rendered":"Caiado anuncia chegada de mais de 188 mil doses de vacinas contra a Covid-19 a Goi\u00e1s"},"content":{"rendered":"<p>O governador Ronaldo Caiado (DEM) anunciou na noite desta quinta-feira (23) que uma nova remessa de vacinas contra a Covid-19 est\u00e1 a caminho de Goi\u00e1s. De acordo com a publica\u00e7\u00e3o, s\u00e3o 31.250 doses da AstraZeneca previstas para chegar na tarde desta sexta-feira (24) e outras 156.780 da Pfizer, que dever\u00e3o chegar na madrugada de s\u00e1bado (25).<\/p>\n<p>\u201cCaminh\u00e3o da vacina t\u00e1 chegando! Amanh\u00e3, \u00e0s 14h40, vamos receber 31.250 doses da AstraZeneca. Na madrugada do dia 25, 00h05, chegam mais 156.780 doses da Pfizer. Isso que \u00e9 um final de semana de respeito\u201d, publicou.<\/p>\n<div class=\"twitter-tweet twitter-tweet-rendered\"><iframe id=\"twitter-widget-0\" class=\"\" title=\"Twitter Tweet\" src=\"https:\/\/platform.twitter.com\/embed\/Tweet.html?dnt=false&amp;embedId=twitter-widget-0&amp;features=eyJ0ZndfZXhwZXJpbWVudHNfY29va2llX2V4cGlyYXRpb24iOnsiYnVja2V0IjoxMjA5NjAwLCJ2ZXJzaW9uIjpudWxsfSwidGZ3X2hvcml6b25fdHdlZXRfZW1iZWRfOTU1NSI6eyJidWNrZXQiOiJodGUiLCJ2ZXJzaW9uIjpudWxsfSwidGZ3X3NwYWNlX2NhcmQiOnsiYnVja2V0Ijoib2ZmIiwidmVyc2lvbiI6bnVsbH19&amp;frame=false&amp;hideCard=false&amp;hideThread=false&amp;id=1441179011338678272&amp;lang=pt&amp;origin=https%3A%2F%2Fsagresonline.com.br%2F%3Fp%3D263939&amp;sessionId=d0eb28fa52df20f7b93658b620c8202ccd25a721&amp;theme=light&amp;widgetsVersion=1890d59c%3A1627936082797&amp;width=550px\" frameborder=\"0\" scrolling=\"no\" allowfullscreen=\"allowfullscreen\" data-tweet-id=\"1441179011338678272\" data-mce-fragment=\"1\"><\/iframe><\/div>\n<p>Esta ser\u00e1 a 72\u00aa remessa de vacinas contra a Covid-19 que chegar\u00e1 a Goi\u00e1s desde o in\u00edcio da campanha de imuniza\u00e7\u00e3o.<\/p>\n","protected":false},"excerpt":{"rendered":"<p>O governador Ronaldo Caiado (DEM) anunciou na noite desta quinta-feira (23) que uma nova remessa de vacinas contra a Covid-19 est\u00e1 a caminho de Goi\u00e1s. De acordo com a publica\u00e7\u00e3o, s\u00e3o 31.250 doses da AstraZeneca previstas para chegar na tarde desta sexta-feira (24) e outras 156.780 da Pfizer, que dever\u00e3o chegar na madrugada de s\u00e1bado &hellip;<\/p>\n","protected":false},"author":3,"featured_media":62729,"comment_status":"open","ping_status":"open","sticky":false,"template":"","format":"standard","meta":{"_exactmetrics_skip_tracking":false,"_exactmetrics_sitenote_active":false,"_exactmetrics_sitenote_note":"","_exactmetrics_sitenote_category":0,"footnotes":""},"categories":[15,458],"tags":[],"_links":{"self":[{"href":"https:\/\/goiasemtempo.com.br\/home\/wp-json\/wp\/v2\/posts\/62728"}],"collection":[{"href":"https:\/\/goiasemtempo.com.br\/home\/wp-json\/wp\/v2\/posts"}],"about":[{"href":"https:\/\/goiasemtempo.com.br\/home\/wp-json\/wp\/v2\/types\/post"}],"author":[{"embeddable":true,"href":"https:\/\/goiasemtempo.com.br\/home\/wp-json\/wp\/v2\/users\/3"}],"replies":[{"embeddable":true,"href":"https:\/\/goiasemtempo.com.br\/home\/wp-json\/wp\/v2\/comments?post=62728"}],"version-history":[{"count":1,"href":"https:\/\/goiasemtempo.com.br\/home\/wp-json\/wp\/v2\/posts\/62728\/revisions"}],"predecessor-version":[{"id":62730,"href":"https:\/\/goiasemtempo.com.br\/home\/wp-json\/wp\/v2\/posts\/62728\/revisions\/62730"}],"wp:featuredmedia":[{"embeddable":true,"href":"https:\/\/goiasemtempo.com.br\/home\/wp-json\/wp\/v2\/media\/62729"}],"wp:attachment":[{"href":"https:\/\/goiasemtempo.com.br\/home\/wp-json\/wp\/v2\/media?parent=62728"}],"wp:term":[{"taxonomy":"category","embeddable":true,"href":"https:\/\/goiasemtempo.com.br\/home\/wp-json\/wp\/v2\/categories?post=62728"},{"taxonomy":"post_tag","embeddable":true,"href":"https:\/\/goiasemtempo.com.br\/home\/wp-json\/wp\/v2\/tags?post=62728"}],"curies":[{"name":"wp","href":"https:\/\/api.w.org\/{rel}","templated":true}]}}