{"id":62640,"date":"2021-09-19T23:53:16","date_gmt":"2021-09-19T23:53:16","guid":{"rendered":"https:\/\/goiasemtempo.com.br\/home\/?p=62640"},"modified":"2021-09-19T23:53:16","modified_gmt":"2021-09-19T23:53:16","slug":"marconi-tacha-daniel-vilela-de-incoerente-em-duras-criticas-ao-emedebista","status":"publish","type":"post","link":"https:\/\/goiasemtempo.com.br\/home\/marconi-tacha-daniel-vilela-de-incoerente-em-duras-criticas-ao-emedebista\/","title":{"rendered":"Marconi tacha Daniel Vilela de incoerente em duras cr\u00edticas ao emedebista"},"content":{"rendered":"<p>O ex-governador de Goi\u00e1s Marconi Perillo (PSDB) publicou em suas redes sociais, neste s\u00e1bado (18), cr\u00edticas a Daniel Vilela afirmando que ele \u2018se vende a Caiado e \u00e9 incoerente\u2019.<\/p>\n<p>\u201cImpressionante o quanto a sua incoer\u00eancia grita alto agora, \u00e0 medida em que criticava fortemente Caiado na campanha e no come\u00e7o do governo e, de repente, por interesses exclusivamente pessoais, se vende vergonhosamente ao governo\u201d, publicou o tucano.<\/p>\n<p>O texto de Perillo foi acompanhado de um v\u00eddeo antigo do presidente do MDB em que ele faz cr\u00edticas ao governador Ronaldo Caiado no in\u00edcio da gest\u00e3o.<\/p>\n<p>Marconi diz ainda que Daniel tenta justificar sua fragilidade buscando aderir \u2018\u00e0s benesses\u2019 do governo.<\/p>\n<p>\u201c\u00c9 lament\u00e1vel que Danielzinho tente justificar sua fragilidade, sua fraqueza e sua incoer\u00eancia ao aderir \u00e0s benesses do governo Caiado, deixando a oposi\u00e7\u00e3o, criticando e sendo injusto com outras pessoas\u201d, postou o ex-governador.<\/p>\n<p>Na \u00faltima quinta-feira (16), o presidente Daniel Vilela se reuniu com a executiva do partido e anunciou a decis\u00e3o em defesa da alian\u00e7a com o DEM, de Caiado, para a elei\u00e7\u00e3o de 2022.<\/p>\n<p>Em coletiva de imprensa logo ap\u00f3s o encontro dos emedebistas, Daniel enfatizou que o \u2018martelo\u2019 deve ser batido somente nas conven\u00e7\u00f5es, ano que vem, e que o partido n\u00e3o fez nenhuma exig\u00eancia a Caiado.<\/p>\n<p>\u201cN\u00f3s n\u00e3o estamos fazendo nenhum tipo de exig\u00eancia, porque entendemos que isso \u00e9 algo natural que tem que acontecer em projeto de uma alian\u00e7a \u201c, afirmou.<\/p>\n<p>O emedebista disse ainda que haver\u00e1 um encontro com o governador para decidir qual papel ter\u00e1 o MDB na chapa majorit\u00e1ria com Ronaldo Caiado em 2022, se a alian\u00e7a for concretizada.<\/p>\n","protected":false},"excerpt":{"rendered":"<p>O ex-governador de Goi\u00e1s Marconi Perillo (PSDB) publicou em suas redes sociais, neste s\u00e1bado (18), cr\u00edticas a Daniel Vilela afirmando que ele \u2018se vende a Caiado e \u00e9 incoerente\u2019. \u201cImpressionante o quanto a sua incoer\u00eancia grita alto agora, \u00e0 medida em que criticava fortemente Caiado na campanha e no come\u00e7o do governo e, de repente, &hellip;<\/p>\n","protected":false},"author":3,"featured_media":62641,"comment_status":"open","ping_status":"open","sticky":false,"template":"","format":"standard","meta":{"_exactmetrics_skip_tracking":false,"_exactmetrics_sitenote_active":false,"_exactmetrics_sitenote_note":"","_exactmetrics_sitenote_category":0,"footnotes":""},"categories":[4],"tags":[],"_links":{"self":[{"href":"https:\/\/goiasemtempo.com.br\/home\/wp-json\/wp\/v2\/posts\/62640"}],"collection":[{"href":"https:\/\/goiasemtempo.com.br\/home\/wp-json\/wp\/v2\/posts"}],"about":[{"href":"https:\/\/goiasemtempo.com.br\/home\/wp-json\/wp\/v2\/types\/post"}],"author":[{"embeddable":true,"href":"https:\/\/goiasemtempo.com.br\/home\/wp-json\/wp\/v2\/users\/3"}],"replies":[{"embeddable":true,"href":"https:\/\/goiasemtempo.com.br\/home\/wp-json\/wp\/v2\/comments?post=62640"}],"version-history":[{"count":1,"href":"https:\/\/goiasemtempo.com.br\/home\/wp-json\/wp\/v2\/posts\/62640\/revisions"}],"predecessor-version":[{"id":62642,"href":"https:\/\/goiasemtempo.com.br\/home\/wp-json\/wp\/v2\/posts\/62640\/revisions\/62642"}],"wp:featuredmedia":[{"embeddable":true,"href":"https:\/\/goiasemtempo.com.br\/home\/wp-json\/wp\/v2\/media\/62641"}],"wp:attachment":[{"href":"https:\/\/goiasemtempo.com.br\/home\/wp-json\/wp\/v2\/media?parent=62640"}],"wp:term":[{"taxonomy":"category","embeddable":true,"href":"https:\/\/goiasemtempo.com.br\/home\/wp-json\/wp\/v2\/categories?post=62640"},{"taxonomy":"post_tag","embeddable":true,"href":"https:\/\/goiasemtempo.com.br\/home\/wp-json\/wp\/v2\/tags?post=62640"}],"curies":[{"name":"wp","href":"https:\/\/api.w.org\/{rel}","templated":true}]}}