{"id":62616,"date":"2021-09-15T14:14:35","date_gmt":"2021-09-15T14:14:35","guid":{"rendered":"http:\/\/goiasemtempo.com.br\/home\/?p=62616"},"modified":"2021-09-15T14:15:38","modified_gmt":"2021-09-15T14:15:38","slug":"representantes-tomam-posse-em-anapolis-no-conselho-municipal-de-direitos-da-pessoa-idosa-e-no-conselho-municipal-de-politicas-publicas-sobre-drogas","status":"publish","type":"post","link":"https:\/\/goiasemtempo.com.br\/home\/representantes-tomam-posse-em-anapolis-no-conselho-municipal-de-direitos-da-pessoa-idosa-e-no-conselho-municipal-de-politicas-publicas-sobre-drogas\/","title":{"rendered":"Representantes tomam posse em An\u00e1polis, nos Conselhos de Direitos da Pessoa Idosa e de Pol\u00edticas P\u00fablicas sobre Drogas"},"content":{"rendered":"<p>A Secretaria de Integra\u00e7\u00e3o Social, Esporte e Cultura deu posse aos novos conselheiros representantes do Conselho Municipal de Direitos da Pessoa Idosa e do Conselho Municipal de Pol\u00edticas P\u00fablicas sobre Drogas, nesta ter\u00e7a-feira, 14. Devido \u00e0 pandemia, a solenidade ocorreu em formato virtual.<\/p>\n<p>O Conselho Municipal de Direitos da Pessoa Idosa tem a fun\u00e7\u00e3o de formular pol\u00edticas p\u00fablicas que promovam a seguran\u00e7a e qualidade de vida da pessoa idosa. E o Conselho Municipal de Pol\u00edticas P\u00fablicas sobre Drogas tem a fun\u00e7\u00e3o de elaborar a\u00e7\u00f5es voltadas para preven\u00e7\u00e3o, redu\u00e7\u00e3o de danos, tratamento e reinser\u00e7\u00e3o social de pessoas afetadas pelo uso e abuso de \u00e1lcool, tabaco e outras drogas.<\/p>\n<p>Para a secret\u00e1ria de Integra\u00e7\u00e3o Social, Esporte e Cultura, Andrea Lins, a posse dos novos conselheiros representa o encerramento de um ciclo e o in\u00edcio de outro. \u201cMuita gratid\u00e3o por todos os conselheiros anteriores e quero tamb\u00e9m dar boas-vindas aos novos. Sei do papel fundamental de todos para a constru\u00e7\u00e3o das pol\u00edticas p\u00fablicas. Contamos com esse di\u00e1logo e harmonia entre todos\u201d, destacou.<\/p>\n<p>O prefeito Roberto Naves parabenizou os conselheiros e destacou a import\u00e2ncia de continuar avan\u00e7ando no que diz respeito \u00e0s pol\u00edticas p\u00fablicas destes grupos. \u201c\u00c9 uma alegria muito grande poder contar com a colabora\u00e7\u00e3o dos senhores. Doar o seu tempo em prol de uma causa, entregar um amanh\u00e3 melhor e ver tudo aquilo em que n\u00f3s avan\u00e7amos, aumenta a nossa responsabilidade de avan\u00e7ar cada vez mais. A chegada de voc\u00eas nos enche de orgulho\u201d, ressaltou.<\/p>\n<p>Para a nova gest\u00e3o, foram eleitos 24 representantes titulares e 24 suplentes para a composi\u00e7\u00e3o dos Conselhos entre 2021 e 2023. Al\u00e9m do prefeito e da secret\u00e1ria, a primeira-dama Vivian Naves tamb\u00e9m participou da posse. Veja abaixo a lista de conselheiros eleitos:<\/p>\n<p><strong>Conselho Municipal de Direitos da Pessoa Idosa<\/strong><\/p>\n<p>Titular: Lidiane Camargo de Alvarenga<br \/>\nSuplente: Maria de F\u00e1tima Ciqueira Miguel<br \/>\nTitular: M\u00e1rcia Jacinta Silva Sousa<br \/>\nSuplente: Marina Lobo Dantas<br \/>\nTitular: Walter Mendon\u00e7a<br \/>\nSuplente: Magda Elaine de Oliveira<br \/>\nTitular: Geovane Alexandre Tronconi<br \/>\nSuplente: Jessyca Duarte de Castro<br \/>\nTitular: Marcelo Teodoro da Silva<br \/>\nSuplente: Edilaine C\u00e2ndido da Silva<br \/>\nTitular: Adonias Holanda Cavalcante de Oliveira<br \/>\nSuplente: Izaura de Almeida Ferreira &#8211; reconduzida<br \/>\nTitular: Daisy Maria de Lima Borges<br \/>\nSuplente: Maria de F\u00e1tima e Silva \u2013 reconduzida<br \/>\nTitular: Wilma S\u00f4nia da Silva Rodrigues \u2013 reconduzida<br \/>\nSuplente: Simone Pires do Carmo \u2013 reconduzida<br \/>\nTitular: Egil Bernardes<br \/>\nSuplente: Edivalda Leite de Morais Carvalho \u2013 reconduzida<br \/>\nTitular: Ricardo Wagner Bonfim de Souza<br \/>\nSuplente: Gildo Arantes Pereira e). Idoso, eleito em f\u00f3rum pr\u00f3prio<br \/>\nTitular: Cristev\u00e2nia Maria da Silva<br \/>\nSuplente: Gabrielle Campos Ferreira<br \/>\nTitular: Roselane Rosa Cardoso Gomes- reconduzida<br \/>\nSuplente: Maria Helena Esp\u00edrito Santo- reconduzida<\/p>\n<p><strong>Conselho Municipal de Pol\u00edticas P\u00fablicas sobre Drogas<\/strong><\/p>\n<p>Titular: Lucas Soares Rodrigues<br \/>\nSuplente: Gisele de Macedo Rocha Ferreira<br \/>\nTitular: Frederico Ant\u00f4nio Bastos de Godoy<br \/>\nSuplente: Reamilton Gon\u00e7alves Esp\u00edndola de Athayde<br \/>\nTitular: Erchibaldo Ferreira dos Santos &#8211; reconduzido<br \/>\nSuplente: Magda Elaine de Oliveira<br \/>\nTitular: Regiane Consuelo Machado<br \/>\nSuplente: Nat\u00e1lia dos Santos Vieira<br \/>\nTitular: Lu\u00eds Henrique Pereira de Souza &#8211; reconduzido<br \/>\nSuplente: Kathrein Moura Faria &#8211; reconduzida<br \/>\nTitular: Cb Saturnino Rodrigues Pereira Netto &#8211; reconduzido<br \/>\nSuplente: Soldado Brener Junqueira de Almeida<br \/>\nTitular: Tarciana de Albuquerque Sobreira &#8211; reconduzida<br \/>\nSuplente: Ana Fl\u00e1via Mendon\u00e7a Ferreira &#8211; reconduzida<br \/>\nTitular: Janete Lopes dos Santos Mesquita &#8211; reconduzida<br \/>\nSuplente: Simone Maciel Siqueira &#8211; reconduzida<br \/>\nTitular: Dr. Jovani Cabral Ferreira &#8211; reconduzido<br \/>\nSuplente: Jusceliane Oliveira Teles<br \/>\nTitular: Luciano Henrique Moreira Soares &#8211; reconduzido<br \/>\nSuplente: Walbron Lopes Pureza &#8211; reconduzido<br \/>\nTitular: Elo\u00edsa Helena Gouveia e Silva &#8211; reconduzida<br \/>\nSuplente: B\u00e1rbara Gouveia e Silva &#8211; reconduzida<br \/>\nTitular: Pr. Egil Bernardes<br \/>\nSuplente: Jo\u00e3o Batista Vasconcelos<br \/>\nTitular: Cleber de Oliveira Pereira &#8211; reconduzido<br \/>\nSuplente: Roberto Alves Pereira<br \/>\nTitular: Isabel Nascimento Gon\u00e7alves (Amor Exigente): -reconduzida<br \/>\nSuplente: Erondina Maria Terezinha de Morais (Cruzada para Dignidade)<br \/>\nTitular: Reginaldo Amaral Cintra<br \/>\nSuplente: D\u00eannis Augusto Gon\u00e7alves<\/p>\n","protected":false},"excerpt":{"rendered":"<p>A Secretaria de Integra\u00e7\u00e3o Social, Esporte e Cultura deu posse aos novos conselheiros representantes do Conselho Municipal de Direitos da Pessoa Idosa e do Conselho Municipal de Pol\u00edticas P\u00fablicas sobre Drogas, nesta ter\u00e7a-feira, 14. Devido \u00e0 pandemia, a solenidade ocorreu em formato virtual. O Conselho Municipal de Direitos da Pessoa Idosa tem a fun\u00e7\u00e3o de &hellip;<\/p>\n","protected":false},"author":3,"featured_media":62617,"comment_status":"open","ping_status":"open","sticky":false,"template":"","format":"standard","meta":{"_exactmetrics_skip_tracking":false,"_exactmetrics_sitenote_active":false,"_exactmetrics_sitenote_note":"","_exactmetrics_sitenote_category":0,"footnotes":""},"categories":[18,19],"tags":[],"_links":{"self":[{"href":"https:\/\/goiasemtempo.com.br\/home\/wp-json\/wp\/v2\/posts\/62616"}],"collection":[{"href":"https:\/\/goiasemtempo.com.br\/home\/wp-json\/wp\/v2\/posts"}],"about":[{"href":"https:\/\/goiasemtempo.com.br\/home\/wp-json\/wp\/v2\/types\/post"}],"author":[{"embeddable":true,"href":"https:\/\/goiasemtempo.com.br\/home\/wp-json\/wp\/v2\/users\/3"}],"replies":[{"embeddable":true,"href":"https:\/\/goiasemtempo.com.br\/home\/wp-json\/wp\/v2\/comments?post=62616"}],"version-history":[{"count":2,"href":"https:\/\/goiasemtempo.com.br\/home\/wp-json\/wp\/v2\/posts\/62616\/revisions"}],"predecessor-version":[{"id":62619,"href":"https:\/\/goiasemtempo.com.br\/home\/wp-json\/wp\/v2\/posts\/62616\/revisions\/62619"}],"wp:featuredmedia":[{"embeddable":true,"href":"https:\/\/goiasemtempo.com.br\/home\/wp-json\/wp\/v2\/media\/62617"}],"wp:attachment":[{"href":"https:\/\/goiasemtempo.com.br\/home\/wp-json\/wp\/v2\/media?parent=62616"}],"wp:term":[{"taxonomy":"category","embeddable":true,"href":"https:\/\/goiasemtempo.com.br\/home\/wp-json\/wp\/v2\/categories?post=62616"},{"taxonomy":"post_tag","embeddable":true,"href":"https:\/\/goiasemtempo.com.br\/home\/wp-json\/wp\/v2\/tags?post=62616"}],"curies":[{"name":"wp","href":"https:\/\/api.w.org\/{rel}","templated":true}]}}