{"id":62513,"date":"2021-09-09T14:08:34","date_gmt":"2021-09-09T14:08:34","guid":{"rendered":"http:\/\/goiasemtempo.com.br\/home\/?p=62513"},"modified":"2021-09-09T14:08:34","modified_gmt":"2021-09-09T14:08:34","slug":"bolsonaro-pede-liberacao-de-rodovias-aos-caminhoneiros","status":"publish","type":"post","link":"https:\/\/goiasemtempo.com.br\/home\/bolsonaro-pede-liberacao-de-rodovias-aos-caminhoneiros\/","title":{"rendered":"Bolsonaro pede libera\u00e7\u00e3o de rodovias aos caminhoneiros"},"content":{"rendered":"<div class=\"post-item-wrap\">\n<p>O Minist\u00e9rio da Infraestrutura informa a ocorr\u00eancia de manifesta\u00e7\u00f5es de caminhoneiros em que 15 estados na manh\u00e3 de hoje (9). Diante da situa\u00e7\u00e3o, circulou, entre os caminhoneiros, um \u00e1udio com uma mensagem do presidente Jair Bolsonaro pedindo a desmobiliza\u00e7\u00e3o, de forma a evitar desabastecimento e mais infla\u00e7\u00e3o.<img decoding=\"async\" src=\"https:\/\/agenciabrasil.ebc.com.br\/ebc.png?id=1421135&amp;o=node\" \/><img decoding=\"async\" src=\"https:\/\/agenciabrasil.ebc.com.br\/ebc.gif?id=1421135&amp;o=node\" \/><\/p>\n<p>No \u00faltimo boletim divulgado pelo minist\u00e9rio, com base em informa\u00e7\u00f5es da Pol\u00edcia Rodovi\u00e1ria Federal (PRF), \u201c\u00e0s 8h do dia 9 de setembro de 2021, s\u00e3o registrados pontos de concentra\u00e7\u00e3o em rodovias federais de 15 estados, com 10% de redu\u00e7\u00e3o de ocorr\u00eancia desde o \u00faltimo boletim da madrugada\u201d.<\/p>\n<p>Segundo a nota, os estados onde ainda h\u00e1 manifesta\u00e7\u00f5es em rodovias s\u00e3o Santa Catarina, Rio Grande do Sul, Paran\u00e1, Esp\u00edrito Santo, Mato Grosso, Goi\u00e1s, Bahia, Minas Gerais, Tocantins, Rio de Janeiro, Rond\u00f4nia. Maranh\u00e3o, Roraima, Pernambuco e Par\u00e1.<\/p>\n<p>Ainda segundo a pasta, a PRF conseguiu liberar a passagem em alguns \u201ccorredores log\u00edsticos essenciais&#8221; nesta manh\u00e3: BR-040\/Minas Gerais; BR-116\/Rio de Janeiro (Dutra\/Barra Mansa); BR-040\/Rio de Janeiro (Reduc); BR-101\/Esp\u00edrito Santo; BR-376\/Paran\u00e1; e BR-153\/Goi\u00e1s (An\u00e1polis).<\/p>\n<p>Em Bras\u00edlia, a Esplanada dos Minist\u00e9rios est\u00e1 interditada por caminhoneiros, que permanecem sentados na pista, de forma a n\u00e3o possibilitar a passagem de ve\u00edculos. A libera\u00e7\u00e3o da via ainda est\u00e1 sendo negociada com as autoridades. V\u00e1rios caminh\u00f5es encontram-se estacionados na lateral e no gramado localizado pr\u00f3ximo ao Congresso Nacional.<\/p>\n<h2>Mensagem<\/h2>\n<p>Em um \u00e1udio direcionado aos caminhoneiros, ainda n\u00e3o publicado de forma oficial, o presidente Bolsonaro pediu \u00e0s lideran\u00e7as do movimento que desbloqueiem as vias para evitar desabastecimento e aumento da infla\u00e7\u00e3o.<\/p>\n<p>\u201cFala para os caminhoneiros que s\u00e3o nossos aliados que esses bloqueios atrapalham, nossa economia. Isso provoca desabastecimento e infla\u00e7\u00e3o. Prejudica todo mundo, em especial os mais pobres. D\u00e1 um toque para os caras, para liberar, para a gente seguir a normalidade. Deixa com a gente em Bras\u00edlia, aqui, agora. N\u00e3o \u00e9 f\u00e1cil negociar e conversar por aqui com outras autoridades, mas a gente vai fazer nossa parte e vamos buscar uma solu\u00e7\u00e3o para isso, t\u00e1 ok? Aproveita e em, meu nome d\u00e1 um abra\u00e7o em todos os caminhoneiros\u201d, disse o presidente.<\/p>\n<p>Na noite dessa quarta-feira (8), o ministro Tarc\u00edsio Freitas confirmou a autenticidade do \u00e1udio com a voz do presidente. &#8220;Esse \u00e1udio \u00e9 real e de hoje. Ele mostra a preocupa\u00e7\u00e3o do presidente com a paralisa\u00e7\u00e3o dos caminhoneiros, que iria agravar efeitos na economia e infla\u00e7\u00e3o, e ia impactar nos mais pobres e vulner\u00e1veis&#8221;.<\/p>\n<p>Freitas disse que o pa\u00eds j\u00e1 vive atualmente efeito da pandemia nos pre\u00e7os dos produtos. Segundo ele, &#8220;a infla\u00e7\u00e3o tem hoje uma componente internacional, e uma paralisa\u00e7\u00e3o vai trazer desabastecimento, prejudicando a popula\u00e7\u00e3o&#8221;. &#8220;A gente n\u00e3o pode tentar resolver um problema criando outro&#8221;. &#8220;Pe\u00e7o a todos que escutem atentamente as palavras do presidente, e que tenhamos serenidade para pavimentar um futuro melhor. A solu\u00e7\u00e3o do problema se dar\u00e1 atrav\u00e9s do di\u00e1logo das autoridades. Vamos confiar nessa condu\u00e7\u00e3o e no di\u00e1logo&#8221;, acrescentou o ministro.<\/p>\n<\/div>\n<p class=\"alt-font font-italic my-2 small text-info\">Edi\u00e7\u00e3o: Val\u00e9ria Aguiar<\/p>\n","protected":false},"excerpt":{"rendered":"<p>O Minist\u00e9rio da Infraestrutura informa a ocorr\u00eancia de manifesta\u00e7\u00f5es de caminhoneiros em que 15 estados na manh\u00e3 de hoje (9). Diante da situa\u00e7\u00e3o, circulou, entre os caminhoneiros, um \u00e1udio com uma mensagem do presidente Jair Bolsonaro pedindo a desmobiliza\u00e7\u00e3o, de forma a evitar desabastecimento e mais infla\u00e7\u00e3o. No \u00faltimo boletim divulgado pelo minist\u00e9rio, com base &hellip;<\/p>\n","protected":false},"author":3,"featured_media":62514,"comment_status":"open","ping_status":"open","sticky":false,"template":"","format":"standard","meta":{"_exactmetrics_skip_tracking":false,"_exactmetrics_sitenote_active":false,"_exactmetrics_sitenote_note":"","_exactmetrics_sitenote_category":0,"footnotes":""},"categories":[6,466],"tags":[],"_links":{"self":[{"href":"https:\/\/goiasemtempo.com.br\/home\/wp-json\/wp\/v2\/posts\/62513"}],"collection":[{"href":"https:\/\/goiasemtempo.com.br\/home\/wp-json\/wp\/v2\/posts"}],"about":[{"href":"https:\/\/goiasemtempo.com.br\/home\/wp-json\/wp\/v2\/types\/post"}],"author":[{"embeddable":true,"href":"https:\/\/goiasemtempo.com.br\/home\/wp-json\/wp\/v2\/users\/3"}],"replies":[{"embeddable":true,"href":"https:\/\/goiasemtempo.com.br\/home\/wp-json\/wp\/v2\/comments?post=62513"}],"version-history":[{"count":1,"href":"https:\/\/goiasemtempo.com.br\/home\/wp-json\/wp\/v2\/posts\/62513\/revisions"}],"predecessor-version":[{"id":62515,"href":"https:\/\/goiasemtempo.com.br\/home\/wp-json\/wp\/v2\/posts\/62513\/revisions\/62515"}],"wp:featuredmedia":[{"embeddable":true,"href":"https:\/\/goiasemtempo.com.br\/home\/wp-json\/wp\/v2\/media\/62514"}],"wp:attachment":[{"href":"https:\/\/goiasemtempo.com.br\/home\/wp-json\/wp\/v2\/media?parent=62513"}],"wp:term":[{"taxonomy":"category","embeddable":true,"href":"https:\/\/goiasemtempo.com.br\/home\/wp-json\/wp\/v2\/categories?post=62513"},{"taxonomy":"post_tag","embeddable":true,"href":"https:\/\/goiasemtempo.com.br\/home\/wp-json\/wp\/v2\/tags?post=62513"}],"curies":[{"name":"wp","href":"https:\/\/api.w.org\/{rel}","templated":true}]}}