{"id":62500,"date":"2021-09-09T13:20:00","date_gmt":"2021-09-09T13:20:00","guid":{"rendered":"http:\/\/goiasemtempo.com.br\/home\/?p=62500"},"modified":"2021-09-09T13:20:00","modified_gmt":"2021-09-09T13:20:00","slug":"filho-de-roberto-carlos-dudu-braga-morre-as-52-anos-em-sao-paulo","status":"publish","type":"post","link":"https:\/\/goiasemtempo.com.br\/home\/filho-de-roberto-carlos-dudu-braga-morre-as-52-anos-em-sao-paulo\/","title":{"rendered":"Filho de Roberto Carlos, Dudu Braga morre as 52 anos em S\u00e3o Paulo"},"content":{"rendered":"<p>Dudu Braga, filho de Roberto Carlos, faleceu na \u00faltima quarta, dia 8, ap\u00f3s uma batalha contra o c\u00e2ncer. Ele enfrentava um tumor no perit\u00f4nio (membrana que envolve a parede abdominal) desde setembro do ano passado. O produtor musical e radialista deixa a mulher Valeska, casado h\u00e1 17 anos, a filha Laura, de 5 anos, e os filhos Gianpietro, de 17, e Giovanna, de 22, frutos de outro relacionamento.<\/p>\n<p>O produtor musical de 52 anos havia passado por uma s\u00e9rie de interna\u00e7\u00f5es nos \u00faltimos meses, entre tratamento quimioter\u00e1pico e cirurgia. Foi a terceira vez que Dudu Braga enfrentou um c\u00e2ncer, depois de vencer dois tumores malignos no p\u00e2ncreas em 2019. <strong>Dudu<\/strong> foi diagnosticado com a doen\u00e7a em setembro de 2020. Na \u00e9poca, ele mostrou otimismo. Em julho, um tratamento proposto pela junta m\u00e9dica n\u00e3o teve efeito.<\/p>\n<p>O vel\u00f3rio do filho de Roberto Carlos foi restrito \u00e0 familiares pr\u00f3ximos.<\/p>\n<p>Ap\u00f3s a morte de Dudu Braga, o cantor Roberto Carlos, de 80 anos, postou no Instagram um v\u00eddeo em que fala sobre o filho. Nas imagens, feitas para uma antiga entrevista, a rep\u00f3rter pergunta a Roberto se ele tem algum \u00eddolo. \u201cMeu filho \u00e9 meu grande \u00eddolo.\u00a0Eu tenho um grande \u00eddolo na minha vida: o meu filho. O Dudu \u00e9 fant\u00e1stico. \u00c9 o m\u00e1ximo\u201d, diz o cantor na entrevista de 2001 e recuperada pelo programa \u201cV\u00eddeo Show\u201d, da TV Globo.<\/p>\n<h2 id=\"article-heading\" class=\"font-serif text-2xl lg:text-5xl lg:leading-tight text-gray-900\">Dudu Braga casou-se 25 dias antes da morte, com a presen\u00e7a de Roberto Carlos<\/h2>\n<p>&nbsp;<\/p>\n<p>O baterista e produtor musical\u00a0<strong>Dudu<\/strong>\u00a0<strong>Braga<\/strong>, que morreu nesta quarta-feira (08)\u00a0\u2014<strong><a href=\"https:\/\/diariodonordeste.verdesmares.com.br\/entretenimento\/zoeira\/morre-dudu-braga-filho-de-roberto-carlos-aos-52-anos-1.3133307\">\u00a0ap\u00f3s luta contra um c\u00e2ncer perit\u00f4nio<\/a>\u00a0<\/strong>\u2014\u00a0casou-se h\u00e1 25 dias com\u00a0<strong>Valeska<\/strong>\u00a0<strong>Braga<\/strong>, ap\u00f3s 18 anos do in\u00edcio do relacionamento. O filho de Roberto Carlos promoveu uma cerim\u00f4nia restrita a poucos amigos e familiares, com a participa\u00e7\u00e3o do pai.<\/p>\n<p>Na \u00e9poca da cerim\u00f4nia, Dudu disse \u00e0 revista Caras que o casal decidiu n\u00e3o adiar mais o evento: &#8220;Adiamos muito tempo e como fiquei doentinho, veio uma preocupa\u00e7\u00e3o. Al\u00e9m disso, Laura est\u00e1 com cinco anos, est\u00e1 crescendo, e p\u00f4de trazer as alian\u00e7as, \u00e9 muito especial&#8221;.<\/p>\n<p>O baterista faleceu nesta quarta-feira e deixou a esposa e tr\u00eas filhos: Giovanna, Gian Pietro e Laurinha.<\/p>\n<p><img decoding=\"async\" src=\"https:\/\/m.extra.globo.com\/incoming\/25165036-e7c-d63\/w488h275-PROP\/rei-casamento0.jpg\" alt=\"Roberto Carlos deixa isolamento pela primeira vez para o casamento do filho Dudu  Braga em SP: &amp;#39;Ele \u00e9 meu \u00eddolo&amp;#39; - Famosos - Extra Online\" \/><\/p>\n<h1 class=\"materia-cabecalho-title\">Com morte de Dudu Braga, Roberto Carlos perde o segundo filho em dez anos<\/h1>\n<p>O cantor Roberto Carlos, de 80 anos, se despede do segundo filho em um intervalo de dez anos. Nesta quarta-feira (8),\u00a0<strong><a href=\"https:\/\/radiojornal.ne10.uol.com.br\/noticia\/2021\/09\/08\/morre-dudu-braga-filho-do-cantor-roberto-carlos-216176\">o produtor musical Roberto Carlos Segundo, o Dudu Braga, faleceu v\u00edtima de c\u00e2ncer<\/a><\/strong>. Em 2011, o Rei j\u00e1 havia perdido a filha Ana Paula, aos 47 anos.<\/p>\n<div class=\"col-12 col-md-12 px-0 no-readme\">\n<div id=\"banner-300x250-area\" class=\"ads\" data-google-query-id=\"CKLHhJT98fICFZ42uQYdtpQJgg\">\n<div id=\"google_ads_iframe_\/8804\/parceiros\/ne_10\/radio_jornal_10__container__\"><\/div>\n<\/div>\n<\/div>\n<p>Ana Paula Rossi Braga era filha de Cleonice Rossi (Nice), que foi a primeira mulher de Roberto Carlos. Apesar de n\u00e3o ser sua filha biol\u00f3gica, o cantor considerava Ana Paula como sua filha e a criou desde que ela tinha 3 anos.<\/p>\n<h2><strong>Morte de Ana Paula<\/strong><\/h2>\n<p>Ana Paula\u00a0sofreu morte s\u00fabita, por problemas card\u00edacos, em seu apartamento, no bairro de Moema, na Zona Sul de S\u00e3o Paulo, no dia 16 de abril de 2011. A morte precipitada da filha mais velha do cantor ocorreu a tr\u00eas dias dele completar 70 anos.<\/p>\n<figure><img decoding=\"async\" src=\"https:\/\/imagens.ne10.uol.com.br\/img\/imagens\/2021\/09\/08\/748x410\/8e628a0082_roberto-carlos-e-ana-paula.jpg\" alt=\"Roberto Carlos e Ana Paula, que faleceu em 2011\" \/><figcaption>Roberto Carlos e Ana Paula, que faleceu em 2011<\/p>\n<div class=\"credito font-italic\">Divulga\u00e7\u00e3o<\/div>\n<\/figcaption><\/figure>\n<p>Em uma publica\u00e7\u00e3o feita em 2016 em sua conta do Twitter, Roberto Carlos aparece ao lado de Nice, que faleceu em 1990 devido a um c\u00e2ncer de mama, Dudu e Ana Paula.<\/p>\n<div id=\"banner-300x250-2-area\" class=\"text-center no-readme\" data-google-query-id=\"CJKNlaP98fICFaEDuQYd3ikEDw\">\n<div id=\"google_ads_iframe_\/8804\/parceiros\/ne_10\/radio_jornal_11__container__\"><\/div>\n<\/div>\n<div class=\"twitter-tweet twitter-tweet-rendered\"><iframe id=\"twitter-widget-0\" class=\"\" title=\"Twitter Tweet\" src=\"https:\/\/platform.twitter.com\/embed\/Tweet.html?dnt=false&amp;embedId=twitter-widget-0&amp;features=eyJ0ZndfZXhwZXJpbWVudHNfY29va2llX2V4cGlyYXRpb24iOnsiYnVja2V0IjoxMjA5NjAwLCJ2ZXJzaW9uIjpudWxsfSwidGZ3X2hvcml6b25fdHdlZXRfZW1iZWRfOTU1NSI6eyJidWNrZXQiOiJodGUiLCJ2ZXJzaW9uIjpudWxsfSwidGZ3X3NwYWNlX2NhcmQiOnsiYnVja2V0Ijoib2ZmIiwidmVyc2lvbiI6bnVsbH19&amp;frame=false&amp;hideCard=false&amp;hideThread=false&amp;id=760633805556244480&amp;lang=pt&amp;origin=https%3A%2F%2Fradiojornal.ne10.uol.com.br%2Fnoticia%2F2021%2F09%2F08%2Fcom-morte-de-dudu-braga-roberto-carlos-perde-o-segundo-filho-em-dez-anos-216183&amp;sessionId=4944cacb63edc1719e7977f7cc162b1912ae49d5&amp;siteScreenName=tvjornal&amp;theme=light&amp;widgetsVersion=1890d59c%3A1627936082797&amp;width=550px\" frameborder=\"0\" scrolling=\"no\" allowfullscreen=\"allowfullscreen\" data-tweet-id=\"760633805556244480\" data-mce-fragment=\"1\"><\/iframe><\/div>\n<h2>Adeus a Dudu Braga<\/h2>\n<p>O<strong><a href=\"https:\/\/radiojornal.ne10.uol.com.br\/noticia\/2021\/09\/08\/morre-dudu-braga-filho-do-cantor-roberto-carlos-216176\">\u00a0produtor musical\u00a0Roberto Carlos Segundo, conhecido como\u00a0Dudu Braga, aos 52 anos, morreu nesta quarta-feira (8)<\/a><\/strong>. O filho do cantor Roberto Carlos\u00a0estava em tratamento contra o c\u00e2ncer no Hospital Israelita Albert Einstein, em S\u00e3o Paulo.<\/p>\n<p><strong><a href=\"https:\/\/jc.ne10.uol.com.br\/social1\/2021\/09\/13040234-saiba-quem-foi-dudu-braga-filho-de-roberto-carlos-que-faleceu-nessa-quarta-feira.html\">Duda Braga\u00a0<\/a><\/strong>descobriu um c\u00e2ncer no perit\u00f4nio (membrana que reveste toda a parte interna do abdome) em setembro de 2020\u00a0e esteve em coma durante os \u00faltimos dias.<\/p>\n<p>O produtor musical deixa a esposa\u00a0Valeska Braga, com quem oficializou a uni\u00e3o em agosto deste ano, e a filha,\u00a0Laura,\u00a0de 4 anos.<\/p>\n<h2>Outros filhos<\/h2>\n<p>Roberto Carlos ainda \u00e9 pai de Luciana Carlos, tamb\u00e9m filha da sua rela\u00e7\u00e3o com Nice, e Rafael Carlos Torres Braga, este \u00faltimo filho\u00a0do Rei com a ex-modelo Maria Lucila Torres. O cantor, inclusive, se submeteu a um teste de DNA para comprovar que era pai de Rafael.<\/p>\n","protected":false},"excerpt":{"rendered":"<p>Dudu Braga, filho de Roberto Carlos, faleceu na \u00faltima quarta, dia 8, ap\u00f3s uma batalha contra o c\u00e2ncer. Ele enfrentava um tumor no perit\u00f4nio (membrana que envolve a parede abdominal) desde setembro do ano passado. O produtor musical e radialista deixa a mulher Valeska, casado h\u00e1 17 anos, a filha Laura, de 5 anos, e &hellip;<\/p>\n","protected":false},"author":3,"featured_media":62501,"comment_status":"open","ping_status":"open","sticky":false,"template":"","format":"standard","meta":{"_exactmetrics_skip_tracking":false,"_exactmetrics_sitenote_active":false,"_exactmetrics_sitenote_note":"","_exactmetrics_sitenote_category":0,"footnotes":""},"categories":[12,58],"tags":[],"_links":{"self":[{"href":"https:\/\/goiasemtempo.com.br\/home\/wp-json\/wp\/v2\/posts\/62500"}],"collection":[{"href":"https:\/\/goiasemtempo.com.br\/home\/wp-json\/wp\/v2\/posts"}],"about":[{"href":"https:\/\/goiasemtempo.com.br\/home\/wp-json\/wp\/v2\/types\/post"}],"author":[{"embeddable":true,"href":"https:\/\/goiasemtempo.com.br\/home\/wp-json\/wp\/v2\/users\/3"}],"replies":[{"embeddable":true,"href":"https:\/\/goiasemtempo.com.br\/home\/wp-json\/wp\/v2\/comments?post=62500"}],"version-history":[{"count":1,"href":"https:\/\/goiasemtempo.com.br\/home\/wp-json\/wp\/v2\/posts\/62500\/revisions"}],"predecessor-version":[{"id":62502,"href":"https:\/\/goiasemtempo.com.br\/home\/wp-json\/wp\/v2\/posts\/62500\/revisions\/62502"}],"wp:featuredmedia":[{"embeddable":true,"href":"https:\/\/goiasemtempo.com.br\/home\/wp-json\/wp\/v2\/media\/62501"}],"wp:attachment":[{"href":"https:\/\/goiasemtempo.com.br\/home\/wp-json\/wp\/v2\/media?parent=62500"}],"wp:term":[{"taxonomy":"category","embeddable":true,"href":"https:\/\/goiasemtempo.com.br\/home\/wp-json\/wp\/v2\/categories?post=62500"},{"taxonomy":"post_tag","embeddable":true,"href":"https:\/\/goiasemtempo.com.br\/home\/wp-json\/wp\/v2\/tags?post=62500"}],"curies":[{"name":"wp","href":"https:\/\/api.w.org\/{rel}","templated":true}]}}