{"id":62323,"date":"2021-08-26T14:43:19","date_gmt":"2021-08-26T14:43:19","guid":{"rendered":"http:\/\/goiasemtempo.com.br\/home\/?p=62323"},"modified":"2021-08-26T14:43:19","modified_gmt":"2021-08-26T14:43:19","slug":"explosao-atinge-aeroporto-de-cabul-em-meio-a-retirada-acelerada-dos-eua","status":"publish","type":"post","link":"https:\/\/goiasemtempo.com.br\/home\/explosao-atinge-aeroporto-de-cabul-em-meio-a-retirada-acelerada-dos-eua\/","title":{"rendered":"Explos\u00e3o atinge aeroporto de Cabul em meio \u00e0 retirada acelerada dos EUA"},"content":{"rendered":"<p>Uma explos\u00e3o atingiu os arredores do Aeroporto Internacional Hamid Karzai, em Cabul, onde afeg\u00e3os e ocidentais se concentram para tentar uma vaga na evacua\u00e7\u00e3o liderada pelos Estados Unidos do pa\u00eds sob o Talib\u00e3.<\/p>\n<p>Segundo a rede CNN, h\u00e1 at\u00e9 o relato de que afeg\u00e3os foram feridos. O ataque ocorre depois que a Casa Branca e seus aliados\u00a0alertaram sobre riscos iminentes de ataques terroristas\u00a0do Estado Isl\u00e2mico, o que impactou na opera\u00e7\u00e3o.<\/p>\n<p>A percep\u00e7\u00e3o de que o Ocidente est\u00e1 correndo\u00a0para minimizar seu fiasco no Afeganist\u00e3o, evidenciada na decis\u00e3o de alguns pa\u00edses de suspender seus voos de evacua\u00e7\u00e3o nesta quinta (26), gerou uma renovada corrida de pessoas desesperadas \u00e0s imedia\u00e7\u00f5es do aeroporto da capital.<\/p>\n<div>\n<p>Segundo relato de diplomatas ocidentais ainda na cidade a ag\u00eancias de not\u00edcias, o fluxo que havia sido contido por bloqueios do Talib\u00e3 aumentou muito. O prazo limite para a a\u00e7\u00e3o com presen\u00e7a militar estrangeira \u00e9 a pr\u00f3xima ter\u00e7a (31).<\/p>\n<\/div>\n<p>Americanos e ocidentais diziam haver a amea\u00e7a terrorista associada ao Estado Isl\u00e2mico Khorasan, a filial afeg\u00e3\u00a0do famoso grupo extremista que chegou a dominar\u00a0vastas \u00e1reas na S\u00edria e no Iraque em meados da d\u00e9cada passada.<\/p>\n<p>\u201cN\u00e3o posso ser mais enf\u00e1tico sobre o desespero da situa\u00e7\u00e3o. A amea\u00e7a \u00e9 real, iminente, letal\u201d, afirmou o ministro das For\u00e7as Armadas brit\u00e2nico, James Heappey, corroborando o relato feito na noite de quarta pelo secret\u00e1rio de Estado americano, Antony Blinken.<\/p>\n<div id=\"taboola-slider\">\n<div id=\"taboola-below-article-thumbnails-reco-reel\" class=\" trc_related_container trc_spotlight_widget trc_elastic trc_elastic_rec-reel-2n5-a \" data-placement-name=\"Below Article Thumbnails Reco Reel\">\n<div class=\"trc_rbox_container story-widget  tbl-story-desktop \">\n<div>\n<div id=\"trc_wrapper_65353\" class=\"trc_rbox rec-reel-2n5-a trc-content-hybrid \">\n<div id=\"trc_header_65353\" class=\"trc_rbox_header trc_rbox_border_elm\">\n<div class=\"trc_header_ext\"><\/div>\n<\/div>\n<div id=\"outer_65353\" class=\"trc_rbox_outer\">\n<div id=\"rbox-t2m\" class=\"trc_rbox_div trc_rbox_border_elm\">\n<div id=\"internal_trc_65353\" class=\" tbl-recommendation-reel \">\n<figure id=\"taboola-below-article-thumbnails-reco-reel-video\">\n<div id=\"_cm-css-reset\" class=\"_cm-div\" data-tracked=\"true\"><\/div>\n<\/figure>\n<div class=\"videoCube trc_spotlight_item origin-default thumbnail_top textItem videoCube_1_child trc-first-recommendation trc-spotlight-first-recommendation trc_excludable\" data-item-id=\"4537077668124399715\" data-item-title=\"Empres\u00e1rio \u00e9 executado com mais de 60 tiros de fuzil em Campo Grande\" data-item-thumb=\"https:\/\/uploads.emaisgoias.com.br\/2021\/04\/2d867c22-empresario-homicidio-campo-grande-.jpg\" data-item-syndicated=\"false\">\n<div class=\"thumbBlock_holder\">\n<div class=\"thumbBlock_placeholder\">A Austr\u00e1lia fez um alerta de seguran\u00e7a semelhante, suspendendo opera\u00e7\u00f5es. Embora o risco evidentemente seja real, como a explos\u00e3o prova, os dedos apontados ao EI s\u00e3o tamb\u00e9m convenientes para diluir o dano \u00e0 imagem ocidental.<\/div>\n<\/div>\n<\/div>\n<\/div>\n<\/div>\n<\/div>\n<\/div>\n<\/div>\n<\/div>\n<\/div>\n<\/div>\n<div>\n<p>&nbsp;<\/p>\n<\/div>\n<p>Ele come\u00e7ou com a decis\u00e3o do presidente Joe Biden de antecipar a sa\u00edda de suas tropas de forma acelerada. Quando o Talib\u00e3 iniciou sua ofensiva final, no come\u00e7o de agosto,\u00a095% dos militares ocidentais j\u00e1 haviam sa\u00eddo do pa\u00eds ocupado desde 2001\u00a0\u2014quando o Talib\u00e3 foi derrubado por apoiar a Al Qaeda, que cometera o 11 de Setembro.<\/p>\n<p>Primeiro, os EUA n\u00e3o anteciparam o colapso do governo afeg\u00e3o em duas semanas,\u00a0com a vit\u00f3ria talib\u00e3 de 15 de agosto. Depois, fracassaram em organizar uma sa\u00edda ordeira do pa\u00eds, gerando cenas como a de pessoas caindo de avi\u00f5es decolando.<\/p>\n<p>Essa debacle foi acompanhada por uma mudan\u00e7a de tom de Biden. Primeiro, o americano pintou um cen\u00e1rio racional e r\u00f3seo. Depois, lavou as m\u00e3os. Ao fim, voltou a se preocupar, enfatizando que \u201cmuita coisa podia dar errado\u201d. J\u00e1 deu.<\/p>\n<p>A\u00ed que entra a amea\u00e7a associada ao EI. Se por um lado ela \u00e9 consistente com o discurso do Talib\u00e3,\u00a0de que n\u00e3o permitiria a opera\u00e7\u00e3o de evacua\u00e7\u00e3o passar da data limite, por outro vai contra tudo o que o grupo tem pregado para tentar obter reconhecimento internacional.<\/p>\n<p>Que os talib\u00e3s mintam, isso \u00e9 de sua hist\u00f3ria: chegaram ao poder pela primeira vez em 1996 prometendo as mesmas estabilidade e garantias a advers\u00e1rios, mulheres e minorias.\u00a0O deixaram com a fama de a\u00e7ougueiros medievais.<\/p>\n<p>O EI afeg\u00e3o \u00e9 advers\u00e1rio do Talib\u00e3. Guardas talib\u00e3s,\u00a0por sua vez afiliados \u00e0 rede terrorista aliada Haqqani, disseram a rep\u00f3rteres da ag\u00eancia Reuters que tamb\u00e9m temem um ataque em Cabul. At\u00e9 aqui o EI nunca se mostrou como um advers\u00e1rio consistente do grupo.<\/p>\n<p>Ele pode, claro virar uma for\u00e7a assim\u00e9trica desestabilizadora, mas analistas de terrorismo costumam avaliar mais a possibilidade de eles virem a associar-se ao Talib\u00e3 do que combat\u00ea-lo.<\/p>\n<p>Uma alternativa cr\u00edvel \u00e9 de que o grupo esteja usando o espantalho EI para afugentar de vez os ocidentais, como prepostos para garantir negativas plaus\u00edveis de radicalismo.<\/p>\n<p>Seja como for, o perigo ajuda a justificar a decis\u00e3o de Biden\u00a0de n\u00e3o encarar o Talib\u00e3 e estender o prazo da opera\u00e7\u00e3o, como queriam Reino Unido, Alemanha e Fran\u00e7a.<\/p>\n<div>\n<p>Nesta quinta, o esfor\u00e7o de pa\u00edses do norte europeu comandado por uma ponte a\u00e9rea da B\u00e9lgica j\u00e1 havia sido suspenso, provavelmente de forma definitiva.<\/p>\n<\/div>\n<p>Cargueiros C-130 H\u00e9rcules belgas faziam em m\u00e9dia cinco voos de ida e volta a Islamabad, no Paquist\u00e3o. Em seis dias, tiraram 1.400 pessoas de Cabul, em nome da B\u00e9lgica, da Holanda e da Dinamarca.<\/p>\n<p>Ao todo,\u00a0a opera\u00e7\u00e3o militar j\u00e1 tirou desde 14 de agosto\u00a0impressionantes 95,7 mil pessoas de Cabul, segundo informou a Casa Branca nesta quinta. Isso d\u00e1 pouco mais de 2% da popula\u00e7\u00e3o da capital.<\/p>\n<p>Na quarta,\u00a0Blinken havia dito que o Talib\u00e3 se comprometera\u00a0a permitir que pessoas que desejem deixar o pa\u00eds em voos comerciais, ocidentais ou afeg\u00e3os, o fa\u00e7am depois do dia 31.<\/p>\n<p>Parece duvidoso, dadas as declara\u00e7\u00f5es anteriores de Zabihullah Mujahid. O porta-voz afeg\u00e3o havia dito para os EUA pararem de incentivar o \u00eaxodo de afeg\u00e3os qualificados, pois o novo governo precisaria deles.<\/p>\n<p>Al\u00e9m disso,\u00a0seguem os relatos de viol\u00eancia de talib\u00e3s\u00a0contra pessoas que tentam ir ao aeroporto, fora as buscas casa a casa de antigos colaboradores ocidentais.<\/p>\n<p>N\u00e3o existe, obviamente, algum n\u00famero, mas \u00e9 fact\u00edvel que centenas de int\u00e9rpretes e auxiliares tenham ficado para tr\u00e1s \u2014s\u00f3 os EUA contavam 18 mil pessoas que haviam trabalhado ao longo dos anos na\u00a0<a href=\"https:\/\/www.emaisgoias.com.br\/embaixadas-pedem-que-se-evite-aeroporto-de-cabul-por-risco-de-atentado\/\" target=\"_blank\" rel=\"noopener\" data-schema-attribute=\"\">embaixada de Cabul<\/a>.<\/p>\n<p>Com a corrida final para fugir da capital, os EUA come\u00e7aram a retirar inclusive os seus 6.000 militares enviados para a opera\u00e7\u00e3o no aeroporto. Com isso, aliados como a Fran\u00e7a disseram que sua evacua\u00e7\u00e3o acaba nesta sexta (27).<\/p>\n","protected":false},"excerpt":{"rendered":"<p>Uma explos\u00e3o atingiu os arredores do Aeroporto Internacional Hamid Karzai, em Cabul, onde afeg\u00e3os e ocidentais se concentram para tentar uma vaga na evacua\u00e7\u00e3o liderada pelos Estados Unidos do pa\u00eds sob o Talib\u00e3. Segundo a rede CNN, h\u00e1 at\u00e9 o relato de que afeg\u00e3os foram feridos. O ataque ocorre depois que a Casa Branca e &hellip;<\/p>\n","protected":false},"author":3,"featured_media":62324,"comment_status":"open","ping_status":"open","sticky":false,"template":"","format":"standard","meta":{"footnotes":""},"categories":[8,4],"tags":[],"class_list":["post-62323","post","type-post","status-publish","format-standard","has-post-thumbnail","hentry","category-mundo","category-ultimas-noticias"],"_links":{"self":[{"href":"https:\/\/goiasemtempo.com.br\/home\/wp-json\/wp\/v2\/posts\/62323","targetHints":{"allow":["GET"]}}],"collection":[{"href":"https:\/\/goiasemtempo.com.br\/home\/wp-json\/wp\/v2\/posts"}],"about":[{"href":"https:\/\/goiasemtempo.com.br\/home\/wp-json\/wp\/v2\/types\/post"}],"author":[{"embeddable":true,"href":"https:\/\/goiasemtempo.com.br\/home\/wp-json\/wp\/v2\/users\/3"}],"replies":[{"embeddable":true,"href":"https:\/\/goiasemtempo.com.br\/home\/wp-json\/wp\/v2\/comments?post=62323"}],"version-history":[{"count":1,"href":"https:\/\/goiasemtempo.com.br\/home\/wp-json\/wp\/v2\/posts\/62323\/revisions"}],"predecessor-version":[{"id":62325,"href":"https:\/\/goiasemtempo.com.br\/home\/wp-json\/wp\/v2\/posts\/62323\/revisions\/62325"}],"wp:featuredmedia":[{"embeddable":true,"href":"https:\/\/goiasemtempo.com.br\/home\/wp-json\/wp\/v2\/media\/62324"}],"wp:attachment":[{"href":"https:\/\/goiasemtempo.com.br\/home\/wp-json\/wp\/v2\/media?parent=62323"}],"wp:term":[{"taxonomy":"category","embeddable":true,"href":"https:\/\/goiasemtempo.com.br\/home\/wp-json\/wp\/v2\/categories?post=62323"},{"taxonomy":"post_tag","embeddable":true,"href":"https:\/\/goiasemtempo.com.br\/home\/wp-json\/wp\/v2\/tags?post=62323"}],"curies":[{"name":"wp","href":"https:\/\/api.w.org\/{rel}","templated":true}]}}