{"id":62288,"date":"2021-08-25T14:19:29","date_gmt":"2021-08-25T14:19:29","guid":{"rendered":"http:\/\/goiasemtempo.com.br\/home\/?p=62288"},"modified":"2021-08-25T14:19:29","modified_gmt":"2021-08-25T14:19:29","slug":"covid-19-3a-dose-da-vacina-comeca-a-ser-aplicada-em-15-de-setembro","status":"publish","type":"post","link":"https:\/\/goiasemtempo.com.br\/home\/covid-19-3a-dose-da-vacina-comeca-a-ser-aplicada-em-15-de-setembro\/","title":{"rendered":"Covid-19: 3\u00aa dose da vacina come\u00e7a a ser aplicada em 15 de setembro"},"content":{"rendered":"<div>O Minist\u00e9rio da Sa\u00fade vai liberar a aplica\u00e7\u00e3o da terceira dose da vacina contra a covid-19 em idosos com mais de 70 anos e imunussuprimidos a partir do dia 15 de setembro. A informa\u00e7\u00e3o foi adiantada pelo ministro da Sa\u00fade, Marcelo Queiroga, nesta quarta-feira (25\/8).<\/div>\n<div>O ministro tamb\u00e9m informou que a partir de 15 de setembro, ser\u00e1 reduzido o intervalo da aplica\u00e7\u00e3o da segunda dose dos imunizantes da Pfizer e Astrazeneca das atuais 12 semanas para oito semanas.<\/div>\n<div>De acordo com o ministro, no dia 10 de setembro, a pasta finalizar\u00e1 a distribui\u00e7\u00e3o de imunizantes para a aplica\u00e7\u00e3o da primeira dose em toda a popula\u00e7\u00e3o brasileira com mais de 18 anos, o que abre espa\u00e7o para a antecipa\u00e7\u00e3o e o refor\u00e7o vacinal anunciado.<\/div>\n<div>A partir do dia 15 de setembro, ser\u00e3o enviadas aos Estados as doses de refor\u00e7o para os imunossuprimidos &#8211; pessoas com c\u00e2ncer ou transplantados, por exemplo &#8211; que tenham tomado a segunda dose h\u00e1 pelo menos 28 dias e de idosos com mais de 70 anos que tenham tomado a segunda h\u00e1 pelo menos seis meses.<\/div>\n<div>A aplica\u00e7\u00e3o nos idosos seguir\u00e1 ordem cronol\u00f3gica, do mais velho para o novo. A Sa\u00fade aguarda a conclus\u00e3o de um estudo para decidir como ser\u00e1 a aplica\u00e7\u00e3o da terceira dose em profissionais de sa\u00fade e pessoas com menos de 70 anos.<\/div>\n<div>O Minist\u00e9rio da Sa\u00fade estudar\u00e1 ainda a possibilidade de imuniza\u00e7\u00e3o cruzada entre as vacinas da Astrazeneca e Pfizer, mas isso ser\u00e1 feito somente em caso de necessidade.<\/div>\n<h3><strong>100% da popula\u00e7\u00e3o vacinada at\u00e9 o fim do ano<\/strong><\/h3>\n<div>A previs\u00e3o do Minist\u00e9rio da Sa\u00fade \u00e9 imunizar\u00a0todos os idosos e profissionais de sa\u00fade com a terceira dose at\u00e9 o fim do ano, popula\u00e7\u00e3o que soma 12 milh\u00f5es de pessoas. H\u00e1 ainda a possibilidade de\u00a0que toda a popula\u00e7\u00e3o brasileira seja\u00a0revacinada em 2022 se os estudos conclu\u00edrem que isso ser\u00e1 necess\u00e1rio. At\u00e9 o fim do ano, o Brasil receber\u00e1 600 milh\u00f5es de doses, que poder\u00e3o inclusive ser mantidas congeladas para uso numa eventual campanha de refor\u00e7o no pr\u00f3ximo ano.<\/div>\n<div>H\u00e1 ainda 180 milh\u00f5es de doses da Astrazeneca produzida no Brasil j\u00e1 contratadas para 2022, o que seria suficiente para uma dose de refor\u00e7o em toda a popula\u00e7\u00e3o vacin\u00e1vel no ano que vem.<\/div>\n<div>\n<div class=\"read-more\">\n<h4>SAIBA MAIS<\/h4>\n<\/div>\n<\/div>\n","protected":false},"excerpt":{"rendered":"<p>O Minist\u00e9rio da Sa\u00fade vai liberar a aplica\u00e7\u00e3o da terceira dose da vacina contra a covid-19 em idosos com mais de 70 anos e imunussuprimidos a partir do dia 15 de setembro. A informa\u00e7\u00e3o foi adiantada pelo ministro da Sa\u00fade, Marcelo Queiroga, nesta quarta-feira (25\/8). O ministro tamb\u00e9m informou que a partir de 15 de &hellip;<\/p>\n","protected":false},"author":3,"featured_media":62289,"comment_status":"open","ping_status":"open","sticky":false,"template":"","format":"standard","meta":{"_exactmetrics_skip_tracking":false,"_exactmetrics_sitenote_active":false,"_exactmetrics_sitenote_note":"","_exactmetrics_sitenote_category":0,"footnotes":""},"categories":[19,458],"tags":[],"_links":{"self":[{"href":"https:\/\/goiasemtempo.com.br\/home\/wp-json\/wp\/v2\/posts\/62288"}],"collection":[{"href":"https:\/\/goiasemtempo.com.br\/home\/wp-json\/wp\/v2\/posts"}],"about":[{"href":"https:\/\/goiasemtempo.com.br\/home\/wp-json\/wp\/v2\/types\/post"}],"author":[{"embeddable":true,"href":"https:\/\/goiasemtempo.com.br\/home\/wp-json\/wp\/v2\/users\/3"}],"replies":[{"embeddable":true,"href":"https:\/\/goiasemtempo.com.br\/home\/wp-json\/wp\/v2\/comments?post=62288"}],"version-history":[{"count":1,"href":"https:\/\/goiasemtempo.com.br\/home\/wp-json\/wp\/v2\/posts\/62288\/revisions"}],"predecessor-version":[{"id":62290,"href":"https:\/\/goiasemtempo.com.br\/home\/wp-json\/wp\/v2\/posts\/62288\/revisions\/62290"}],"wp:featuredmedia":[{"embeddable":true,"href":"https:\/\/goiasemtempo.com.br\/home\/wp-json\/wp\/v2\/media\/62289"}],"wp:attachment":[{"href":"https:\/\/goiasemtempo.com.br\/home\/wp-json\/wp\/v2\/media?parent=62288"}],"wp:term":[{"taxonomy":"category","embeddable":true,"href":"https:\/\/goiasemtempo.com.br\/home\/wp-json\/wp\/v2\/categories?post=62288"},{"taxonomy":"post_tag","embeddable":true,"href":"https:\/\/goiasemtempo.com.br\/home\/wp-json\/wp\/v2\/tags?post=62288"}],"curies":[{"name":"wp","href":"https:\/\/api.w.org\/{rel}","templated":true}]}}