{"id":62240,"date":"2021-08-23T21:08:56","date_gmt":"2021-08-23T21:08:56","guid":{"rendered":"http:\/\/goiasemtempo.com.br\/home\/?p=62240"},"modified":"2021-08-23T21:08:56","modified_gmt":"2021-08-23T21:08:56","slug":"lissauer-anuncia-investimentos-para-a-educacao-de-rio-verde-e-prestigia-inauguracao-da-nova-sede-do-programa-sucesso-no-campo-em-jatai","status":"publish","type":"post","link":"https:\/\/goiasemtempo.com.br\/home\/lissauer-anuncia-investimentos-para-a-educacao-de-rio-verde-e-prestigia-inauguracao-da-nova-sede-do-programa-sucesso-no-campo-em-jatai\/","title":{"rendered":"Lissauer anuncia investimentos para a Educa\u00e7\u00e3o de Rio Verde e prestigia inaugura\u00e7\u00e3o da nova sede do programa Sucesso no Campo, em Jata\u00ed"},"content":{"rendered":"<div>\n<div>Sol\u00edcito \u00e0s demandas dos munic\u00edpios goianos, em especial da regi\u00e3o Sudoeste do estado, o presidente da Assembleia Legislativa de Goi\u00e1s (Alego), Lissauer Vieira (PSB), cumpriu agenda neste fim de semana nas cidades de Jata\u00ed, na inaugura\u00e7\u00e3o das novas instala\u00e7\u00f5es do programa Sucesso no Campo, e em Rio Verde, onde participou do culto de a\u00e7\u00e3o de gra\u00e7as em comemora\u00e7\u00e3o ao anivers\u00e1rio do l\u00edder da Igreja Assembleia de Deus, pastor Wellington Rocha e anunciou ainda, juntamente com o prefeito Paulo do Vale, o vice, Dannillo Pereira, o deputado estadual Chico KGL e demais autoridades, o repasse de R$ 1,9 milh\u00f5es do governo estadual para a reforma e amplia\u00e7\u00e3o do Col\u00e9gio Estadual Martins Borges, um dos mais tradicionais da regi\u00e3o.<\/div>\n<div><\/div>\n<div>Destacando o compromisso do Executivo estadual com a Educa\u00e7\u00e3o do Sudoeste goiano e dos 246 munic\u00edpios do estado, o chefe do Poder Legislativo ressaltou a import\u00e2ncia dos recursos para a infraestrutura educacional de Rio Verde. &#8220;O governador Ronaldo Caiado, atrav\u00e9s da secretaria estadual de Educa\u00e7\u00e3o, tem feito investimentos vultosos na \u00e1rea educacional de todo o estado de Goi\u00e1s. Somente em Rio Verde, j\u00e1 foram investidos mais de R$ 40 milh\u00f5es, beneficiando milhares de alunos, pais e todos os professores da rede p\u00fablica de ensino. Esse \u00e9 um governo que investe e que sabe o valor da Educa\u00e7\u00e3o&#8221;, disse Lissauer Vieira.<\/div>\n<div><\/div>\n<div>O prefeito Paulo do Vale tamb\u00e9m refor\u00e7ou o trabalho do governo de Goi\u00e1s em prol da Educa\u00e7\u00e3o do munic\u00edpio. Segundo ele, atua\u00e7\u00e3o que tem orgulhado toda a comunidade escolar rio-verdense. &#8220;O governador Ronaldo Caiado e toda a sua equipe tem transformado a Educa\u00e7\u00e3o do nosso estado. Rio Verde hoje tem orgulho de todos esses investimentos, que tem feito a diferen\u00e7a na vida e na aprendizagem dos nossos alunos. Hoje temos escolas reformadas, material did\u00e1tico de qualidade e professores sendo valorizados&#8221;, pontuou.<\/div>\n<div><\/div>\n<div>Viabilizado pelo Governo de Goi\u00e1s por meio da Secretaria de Estado da Educa\u00e7\u00e3o (Seduc), o montante de R$ 1.926.969,03 ser\u00e1 aplicado na reforma, amplia\u00e7\u00e3o e constru\u00e7\u00e3o de cinco novas salas de aulas no Col\u00e9gio Estadual Martins Borges, localizado no Centro de Rio Verde. As obras, que ser\u00e3o executadas de acordo com a instru\u00e7\u00e3o t\u00e9cnica do Corpo de Bombeiros, devem come\u00e7ar em breve.<\/div>\n<div><\/div>\n<div>Tamb\u00e9m participaram da solenidade de an\u00fancio, a superintendente do Centro de Estudos, Pesquisa e Forma\u00e7\u00e3o dos Profissionais de Educa\u00e7\u00e3o, Rita de C\u00e1ssia; coordenadora municipal de educa\u00e7\u00e3o, Karen Proto; secret\u00e1rio municipal de A\u00e7\u00e3o Urbana e Servi\u00e7os P\u00fablicos, Luis Pasquim; gestor do Col\u00e9gio Estadual Martins Borges, Tairo Vieira; vereadores municipais, professores e demais servidores da educa\u00e7\u00e3o.<\/div>\n<div><\/div>\n<div><\/div>\n<div><b>Culto de A\u00e7\u00e3o de Gra\u00e7as<\/b><\/div>\n<div><\/div>\n<div>Ainda em Rio Verde, o chefe do Parlamento goiano participou, neste domingo, 22, do culto de a\u00e7\u00e3o de gra\u00e7as em comemora\u00e7\u00e3o ao anivers\u00e1rio do presidente da Igreja Assembleia de Deus do munic\u00edpio, pastor Wellington Rocha. Na oportunidade, o presidente da Alego destacou o importante trabalho e a grande contribui\u00e7\u00e3o do l\u00edder religioso para a propaga\u00e7\u00e3o da mensagem b\u00edblica para toda a comunidade rio-verdense.<\/div>\n<div><\/div>\n<div>&#8220;\u00c9 uma honra poder comemorar mais um ano de vida desse grande homem e l\u00edder. Conhe\u00e7o o pastor Wellington h\u00e1 muitos anos, sei do seu grande cora\u00e7\u00e3o e sou testemunha da sua dedica\u00e7\u00e3o em ajudar as pessoas. Que Deus possa continuar o aben\u00e7oando e lhe dando muita sabedoria para seguir com a sua bela miss\u00e3o de levar o evangelho de Jesus para toda a comunidade rio-verdense&#8221;, disse Lissauer.<\/div>\n<div><\/div>\n<div>Prestigiada por v\u00e1rias autoridades, a cerim\u00f4nia tamb\u00e9m contou com a presen\u00e7a do presidente da C\u00e2mara Municipal de Rio Verde, vereador Lucivaldo Medeiros; da primeira-dama, Lilian do Vale, que na oportunidade representou o prefeito Paulo do Vale; senador Luiz Carlos do Carmo; prefeito de Aparecida de Goi\u00e2nia, Gustavo Mendanha; deputado estadual Chico KGL e outras lideran\u00e7as pol\u00edticas e religiosas.<\/div>\n<\/div>\n<div><img decoding=\"async\" src=\"http:\/\/goiasemtempo.com.br\/home\/wp-content\/uploads\/2021\/08\/Rio-Verde-2-LISSAUER-.jpeg\" \/><\/div>\n<div><\/div>\n<div>\n<div><\/div>\n<div><b>Programa Sucesso no Campo<\/b><\/div>\n<div><\/div>\n<div>Continuando com a sua agenda de compromissos pelo Sudoeste do estado, o presidente da Alego tamb\u00e9m prestigiou, na sexta-feira, 20, a inaugura\u00e7\u00e3o das novas instala\u00e7\u00f5es do programa Sucesso no Campo, da TV Sudoeste de Jata\u00ed. Na oportunidade, o chefe do Poder Legislativo parabenizou a diretora de jornalismo, Fab\u00e9lia Oliveira pelo trabalho prestado em defesa do setor agro e destacou a importante contribui\u00e7\u00e3o do programa \u00a0para o fortalecimento do agroneg\u00f3cio goiano que, segundo ele, \u00e9 a grande for\u00e7a que move a economia de Goi\u00e1s.<\/div>\n<div><\/div>\n<div>&#8220;Sem d\u00favidas, uma bela e moderna estrutura que contribuir\u00e1, ainda mais, para a cobertura, s\u00e9ria e respons\u00e1vel, do agroneg\u00f3cio goiano, a for\u00e7a que sustenta a nossa economia. Parabenizo, mais uma vez, a jornalista Fab\u00e9lia Oliveira, seu esposo Lima e toda a sua equipe pelo brilhante trabalho e por defender o setor agro brasileiro com informa\u00e7\u00f5es de credibilidade e que refletem, de fato, a realidade de quem produz. \u00a0 Voc\u00eas plantaram a semente, cuidaram e hoje est\u00e3o colhendo esse fruto de sucesso que \u00e9 essa nova sede&#8221;, ressaltou Lissauer.<\/div>\n<div><\/div>\n<div>O Sucesso no Campo \u00e9 um programa dedicado exclusivamente \u00e0 cobertura do setor agro goiano e brasileiro. Apresentado pela jornalista Fab\u00e9lia Oliveira, ele \u00e9 veiculado pela TV Clima Tempo BIO (TV por assinatura), TV MilAGRO Brasil (parab\u00f3lica) e tamb\u00e9m em canal aberto pela TV Sudoeste de Jata\u00ed e pela TV Rio Verde, al\u00e9m de todas as plataformas digitais do programa.<\/div>\n<div><\/div>\n<p>Prestigiaram a solenidade de inaugura\u00e7\u00e3o o vice-prefeito de Jata\u00ed, Geneilton de Assis; presidente da C\u00e2mara Municipal de Jata\u00ed, vereadora Marina Silveira; superintendente federal do Minist\u00e9rio da Agricultura, Pecu\u00e1ria e Abastecimento do Distrito Federal, Willian Barbosa; diretor da TV Sudoeste, Ant\u00f4nio Gaspar; diretor da TV Rio Verde, Paulo Henrique; presidente da Aprosoja Goi\u00e1s, Joel Ragagnin, al\u00e9m de vereadoes, produtores rurais, presidentes de sindicatos, empres\u00e1rios e demais autoridades.<\/p><\/div>\n<div><\/div>\n<div><b>Fotos<\/b>: Ruber Couto<\/div>\n","protected":false},"excerpt":{"rendered":"<p>Sol\u00edcito \u00e0s demandas dos munic\u00edpios goianos, em especial da regi\u00e3o Sudoeste do estado, o presidente da Assembleia Legislativa de Goi\u00e1s (Alego), Lissauer Vieira (PSB), cumpriu agenda neste fim de semana nas cidades de Jata\u00ed, na inaugura\u00e7\u00e3o das novas instala\u00e7\u00f5es do programa Sucesso no Campo, e em Rio Verde, onde participou do culto de a\u00e7\u00e3o de &hellip;<\/p>\n","protected":false},"author":3,"featured_media":62242,"comment_status":"open","ping_status":"open","sticky":false,"template":"","format":"standard","meta":{"_exactmetrics_skip_tracking":false,"_exactmetrics_sitenote_active":false,"_exactmetrics_sitenote_note":"","_exactmetrics_sitenote_category":0,"footnotes":""},"categories":[7,15],"tags":[],"_links":{"self":[{"href":"https:\/\/goiasemtempo.com.br\/home\/wp-json\/wp\/v2\/posts\/62240"}],"collection":[{"href":"https:\/\/goiasemtempo.com.br\/home\/wp-json\/wp\/v2\/posts"}],"about":[{"href":"https:\/\/goiasemtempo.com.br\/home\/wp-json\/wp\/v2\/types\/post"}],"author":[{"embeddable":true,"href":"https:\/\/goiasemtempo.com.br\/home\/wp-json\/wp\/v2\/users\/3"}],"replies":[{"embeddable":true,"href":"https:\/\/goiasemtempo.com.br\/home\/wp-json\/wp\/v2\/comments?post=62240"}],"version-history":[{"count":1,"href":"https:\/\/goiasemtempo.com.br\/home\/wp-json\/wp\/v2\/posts\/62240\/revisions"}],"predecessor-version":[{"id":62243,"href":"https:\/\/goiasemtempo.com.br\/home\/wp-json\/wp\/v2\/posts\/62240\/revisions\/62243"}],"wp:featuredmedia":[{"embeddable":true,"href":"https:\/\/goiasemtempo.com.br\/home\/wp-json\/wp\/v2\/media\/62242"}],"wp:attachment":[{"href":"https:\/\/goiasemtempo.com.br\/home\/wp-json\/wp\/v2\/media?parent=62240"}],"wp:term":[{"taxonomy":"category","embeddable":true,"href":"https:\/\/goiasemtempo.com.br\/home\/wp-json\/wp\/v2\/categories?post=62240"},{"taxonomy":"post_tag","embeddable":true,"href":"https:\/\/goiasemtempo.com.br\/home\/wp-json\/wp\/v2\/tags?post=62240"}],"curies":[{"name":"wp","href":"https:\/\/api.w.org\/{rel}","templated":true}]}}